{"id":65000,"date":"2024-02-05T21:25:28","date_gmt":"2024-02-06T03:25:28","guid":{"rendered":"http:\/\/www.zonaroja.com.mx\/?p=65000"},"modified":"2024-02-05T21:25:30","modified_gmt":"2024-02-06T03:25:30","slug":"presenta-amlo-20-iniciativas-de-reforma-constitucional","status":"publish","type":"post","link":"https:\/\/zonaroja.com.mx\/?p=65000","title":{"rendered":"Presenta AMLO 20 iniciativas de reforma constitucional"},"content":{"rendered":"\n<p>Redacci\u00f3n\/Zona Roja Cdmx.<\/p>\n\n\n\n<p>Ciudad de M\u00e9xico, a 5 de febrero de 2024.- Andr\u00e9s Manuel L\u00f3pez Obrador present\u00f3 20 iniciativas de reforma constitucional que enviar\u00e1 a la C\u00e1mara de Diputados para que en lo que resta de la presente legislatura se analicen, se discutan y, en su caso, consigan su aprobaci\u00f3n.<\/p>\n\n\n\n<p>El presidente de M\u00e9xico se\u00f1al\u00f3 que este paquete de reformas busca reencausar la vida p\u00fablica y que se contrapone a las iniciativas que se aprobaron durante el periodo neoliberal, a las que acus\u00f3 de no beneficiar al pueblo, sino en facilitar el marco legal para el despojo de bienes y el provecho de una minor\u00eda.<\/p>\n\n\n\n<p>Las propuestas abarcan diversos \u00e1mbitos, desde el reconocimiento a comunidades ind\u00edgenas hasta reformas en el sistema de pensiones, justicia, medio ambiente y educaci\u00f3n, las cuales son:<\/p>\n\n\n\n<p>* Reconocimiento de los pueblos ind\u00edgenas y afromexicanos.<\/p>\n\n\n\n<p>* Garantizar la pensi\u00f3n para adultos mayores y el aumento de \u00e9sta cada a\u00f1o; as\u00ed como la atenci\u00f3n para personas con discapacidad.<\/p>\n\n\n\n<p>* Otorgar becas a estudiantes de bajos recursos en todos los niveles escolares.<\/p>\n\n\n\n<p>* Garantizar atenci\u00f3n m\u00e9dica integral y gratuita a la poblaci\u00f3n.<\/p>\n\n\n\n<p>* Garantizar la vivienda de los trabajadores.<\/p>\n\n\n\n<p>* Prohibir el maltrato de animales.<\/p>\n\n\n\n<p>* Prohibici\u00f3n del fracking y no otorgar concesiones para la actividad minera a cielo abierto.<\/p>\n\n\n\n<p>* Respetar las zonas con escasez de agua y s\u00f3lo otorgar concesiones para uso dom\u00e9stico.<\/p>\n\n\n\n<p>* Prohibir el comercio de vapeadores y drogas qu\u00edmicas como el fentanilo.<\/p>\n\n\n\n<p>* Aumentar el salario m\u00ednimo por encima de la inflaci\u00f3n anual.<\/p>\n\n\n\n<p>* Que el salario m\u00ednimo de maestros, polic\u00edas, marinos, enfermeras, m\u00e9dicos, entre otros trabajadores de gobierno, no sea menor al de trabajadores inscritos al seguro social.<\/p>\n\n\n\n<p>* Revertir las reformas a las pensiones aprobadas en 1997 y 2007 por los presidentes Ernesto Zedillo y Felipe Calder\u00f3n.<\/p>\n\n\n\n<p>* Garantizar el derecho a la educaci\u00f3n y al trabajo.<\/p>\n\n\n\n<p>* Brindar seguro a campesinos que cultivan sus tierras y mantener programas de apoyo directo a la producci\u00f3n.<\/p>\n\n\n\n<p>* Utilizar 18,000 kil\u00f3metros de v\u00edas f\u00e9rreas para trenes de pasajeros y devolver a la Comisi\u00f3n Federal de Electricidad su car\u00e1cter de empresa p\u00fablica estrat\u00e9gica.<\/p>\n\n\n\n<p>* Reducci\u00f3n de gastos electorales, disminuci\u00f3n a 64 senadores y 300 diputados, y reducir a 30% de participaci\u00f3n para que las consultas populares sean vinculantes.<\/p>\n\n\n\n<p>* Elecci\u00f3n de jueces, magistrados y ministros por voto popular.<\/p>\n\n\n\n<p>* Integrar la Guardia Nacional a la Secretar\u00eda de la Defensa Nacional para evitar corrupci\u00f3n.<\/p>\n\n\n\n<p>* Establecer en la Constituci\u00f3n que ning\u00fan servidor p\u00fablico puede ganar m\u00e1s que el Presidente de la Rep\u00fablica.<\/p>\n\n\n\n<p>* Eliminar los organismos aut\u00f3nomos.<\/p>\n\n\n\n<p>La ceremonia tuvo entre los asistentes a todos los miembros del gabinete, como Rosa Icela Rodr\u00edguez, secretaria de Seguridad y Protecci\u00f3n Ciudadana; Luis Cresencio Sandoval, secretario de la Defensa Nacional; la titular de Relaciones Exteriores, Alicia B\u00e1rcena; Luisa Mar\u00eda Alcalde, secretaria de Gobernaci\u00f3n, entre otros.<\/p>\n\n\n\n<p>(Informaci\u00f3n de \u201cEl Economista\u201d)<\/p>\n","protected":false},"excerpt":{"rendered":"<p>Redacci\u00f3n\/Zona Roja Cdmx. Ciudad de M\u00e9xico, a 5 de febrero de 2024.- Andr\u00e9s Manuel L\u00f3pez&hellip;<\/p>\n","protected":false},"author":2,"featured_media":65001,"comment_status":"closed","ping_status":"open","sticky":false,"template":"","format":"standard","meta":{"_lmt_disableupdate":"","_lmt_disable":"","_jetpack_memberships_contains_paid_content":false,"footnotes":""},"categories":[109,46],"tags":[143],"class_list":["post-65000","post","type-post","status-publish","format-standard","has-post-thumbnail","hentry","category-minuto-a-minuto","category-zona-blanca","tag-andres-manuel-lopez-obrador"],"jetpack_featured_media_url":"https:\/\/zonaroja.com.mx\/wp-content\/uploads\/2024\/02\/Lopez-Obrador-presenta-reformas.jpeg","jetpack_sharing_enabled":true,"_links":{"self":[{"href":"https:\/\/zonaroja.com.mx\/index.php?rest_route=\/wp\/v2\/posts\/65000","targetHints":{"allow":["GET"]}}],"collection":[{"href":"https:\/\/zonaroja.com.mx\/index.php?rest_route=\/wp\/v2\/posts"}],"about":[{"href":"https:\/\/zonaroja.com.mx\/index.php?rest_route=\/wp\/v2\/types\/post"}],"author":[{"embeddable":true,"href":"https:\/\/zonaroja.com.mx\/index.php?rest_route=\/wp\/v2\/users\/2"}],"replies":[{"embeddable":true,"href":"https:\/\/zonaroja.com.mx\/index.php?rest_route=%2Fwp%2Fv2%2Fcomments&post=65000"}],"version-history":[{"count":1,"href":"https:\/\/zonaroja.com.mx\/index.php?rest_route=\/wp\/v2\/posts\/65000\/revisions"}],"predecessor-version":[{"id":65002,"href":"https:\/\/zonaroja.com.mx\/index.php?rest_route=\/wp\/v2\/posts\/65000\/revisions\/65002"}],"wp:featuredmedia":[{"embeddable":true,"href":"https:\/\/zonaroja.com.mx\/index.php?rest_route=\/wp\/v2\/media\/65001"}],"wp:attachment":[{"href":"https:\/\/zonaroja.com.mx\/index.php?rest_route=%2Fwp%2Fv2%2Fmedia&parent=65000"}],"wp:term":[{"taxonomy":"category","embeddable":true,"href":"https:\/\/zonaroja.com.mx\/index.php?rest_route=%2Fwp%2Fv2%2Fcategories&post=65000"},{"taxonomy":"post_tag","embeddable":true,"href":"https:\/\/zonaroja.com.mx\/index.php?rest_route=%2Fwp%2Fv2%2Ftags&post=65000"}],"curies":[{"name":"wp","href":"https:\/\/api.w.org\/{rel}","templated":true}]}}