{"id":65009,"date":"2024-02-06T10:30:00","date_gmt":"2024-02-06T16:30:00","guid":{"rendered":"http:\/\/www.zonaroja.com.mx\/?p=65009"},"modified":"2024-02-06T07:29:15","modified_gmt":"2024-02-06T13:29:15","slug":"celebran-diputados-apertura-de-supercarretera-y-disposicion-de-los-pueblos","status":"publish","type":"post","link":"https:\/\/zonaroja.com.mx\/?p=65009","title":{"rendered":"Celebran diputados\u00a0apertura de supercarretera y disposici\u00f3n de los pueblos"},"content":{"rendered":"\n<p>Yuridiana Sosa\/Zona Roja.<\/p>\n\n\n\n<p>Oaxaca de Ju\u00e1rez, Oax., 6 de febrero de 2024.- Integrantes de la 65 Legislatura de Oaxaca que respaldan la llamada \u201cCuarta Transformaci\u00f3n, celebraron la inauguraci\u00f3n de la supercarretera Oaxaca-Costa, en el tramo Barranca Larga-Ventanilla, tras unos tres lustros de construcci\u00f3n.<\/p>\n\n\n\n<p>Las diputadas y diputados de los partidos Morena, del Trabajo y Verde Ecologista de M\u00e9xico, manifestaron por medio de un comunicado su reconocimiento a la voluntad de las comunidades, por cuyos territorios fue construida dicha autopista.<\/p>\n\n\n\n<p>En ese sentido celebraron la disposici\u00f3n de los pueblos por privilegiar el di\u00e1logo, a trav\u00e9s del cual se permiti\u00f3 el consenso en favor de la v\u00eda, de la que se beneficia toda la entidad.<\/p>\n\n\n\n<p>A su vez, los legisladores tambi\u00e9n reconocieron la labor del Gobierno del Estado, encabezado por Salom\u00f3n Jara Cruz, en su intervenci\u00f3n para la resoluci\u00f3n de conflictos en la zona intervenida, as\u00ed como la atenci\u00f3n al pueblo que permiti\u00f3 materializar y concretar la apertura de la autopista de la Costa.<\/p>\n\n\n\n<p>La supercarretera, destacaron, ser\u00e1 un detonante para el desarrollo econ\u00f3mico y tur\u00edstico de Oaxaca al reducir el tiempo de traslado, facilitando la movilidad en la regi\u00f3n.<br>La inauguraci\u00f3n y apertura de esta vialidad representa una muestra m\u00e1s del compromiso con el pueblo y un logro m\u00e1s del gobierno de M\u00e9xico que encabeza el presidente de la Rep\u00fablica Andr\u00e9s Manuel L\u00f3pez obrador, se\u00f1alaron.<\/p>\n","protected":false},"excerpt":{"rendered":"<p>Yuridiana Sosa\/Zona Roja. Oaxaca de Ju\u00e1rez, Oax., 6 de febrero de 2024.- Integrantes de la&hellip;<\/p>\n","protected":false},"author":2,"featured_media":65010,"comment_status":"closed","ping_status":"open","sticky":false,"template":"","format":"standard","meta":{"_lmt_disableupdate":"","_lmt_disable":"","_jetpack_memberships_contains_paid_content":false,"footnotes":""},"categories":[109,46],"tags":[2743],"class_list":["post-65009","post","type-post","status-publish","format-standard","has-post-thumbnail","hentry","category-minuto-a-minuto","category-zona-blanca","tag-65-legislatura-del-estado-de-oaxaca"],"jetpack_featured_media_url":"https:\/\/zonaroja.com.mx\/wp-content\/uploads\/2024\/02\/Postura-diputados-supercarretera-Oaxaca.jpg","jetpack_sharing_enabled":true,"_links":{"self":[{"href":"https:\/\/zonaroja.com.mx\/index.php?rest_route=\/wp\/v2\/posts\/65009","targetHints":{"allow":["GET"]}}],"collection":[{"href":"https:\/\/zonaroja.com.mx\/index.php?rest_route=\/wp\/v2\/posts"}],"about":[{"href":"https:\/\/zonaroja.com.mx\/index.php?rest_route=\/wp\/v2\/types\/post"}],"author":[{"embeddable":true,"href":"https:\/\/zonaroja.com.mx\/index.php?rest_route=\/wp\/v2\/users\/2"}],"replies":[{"embeddable":true,"href":"https:\/\/zonaroja.com.mx\/index.php?rest_route=%2Fwp%2Fv2%2Fcomments&post=65009"}],"version-history":[{"count":1,"href":"https:\/\/zonaroja.com.mx\/index.php?rest_route=\/wp\/v2\/posts\/65009\/revisions"}],"predecessor-version":[{"id":65011,"href":"https:\/\/zonaroja.com.mx\/index.php?rest_route=\/wp\/v2\/posts\/65009\/revisions\/65011"}],"wp:featuredmedia":[{"embeddable":true,"href":"https:\/\/zonaroja.com.mx\/index.php?rest_route=\/wp\/v2\/media\/65010"}],"wp:attachment":[{"href":"https:\/\/zonaroja.com.mx\/index.php?rest_route=%2Fwp%2Fv2%2Fmedia&parent=65009"}],"wp:term":[{"taxonomy":"category","embeddable":true,"href":"https:\/\/zonaroja.com.mx\/index.php?rest_route=%2Fwp%2Fv2%2Fcategories&post=65009"},{"taxonomy":"post_tag","embeddable":true,"href":"https:\/\/zonaroja.com.mx\/index.php?rest_route=%2Fwp%2Fv2%2Ftags&post=65009"}],"curies":[{"name":"wp","href":"https:\/\/api.w.org\/{rel}","templated":true}]}}