{"id":65017,"date":"2024-02-06T11:34:00","date_gmt":"2024-02-06T17:34:00","guid":{"rendered":"http:\/\/www.zonaroja.com.mx\/?p=65017"},"modified":"2024-02-06T12:24:59","modified_gmt":"2024-02-06T18:24:59","slug":"reportan-la-desaparicion-de-periodista-en-quintana-roo","status":"publish","type":"post","link":"https:\/\/zonaroja.com.mx\/?p=65017","title":{"rendered":"Localizan con vida a periodista en Quintana Roo"},"content":{"rendered":"\n<p>Redacci\u00f3n\/Zona Roja Cdmx.<\/p>\n\n\n\n<p>Ciudad de M\u00e9xico, a 6 de febrero de 2024.- Esta ma\u00f1ana y sin mayores detalles, la Fiscal\u00eda General del Estado de Quintana Roo confirm\u00f3 la localizaci\u00f3n del periodista Michael Antony D\u00edaz Windsor.<\/p>\n\n\n\n<p>Ayer sus familiares reportaron la desaparici\u00f3n del comunicador independiente de Benito Ju\u00e1rez, Quintana Roo. <\/p>\n\n\n\n<p>Aunque la Fiscal\u00eda estatal inici\u00f3 con las investigaciones correspondientes sobre lo sucedido, no se hab\u00eda logrado dar con su paradero.<\/p>\n\n\n\n<p>Michael Diaz se desempe\u00f1a como director del medio de comunicaci\u00f3n \u201cPeriodismo QR\u201d. <\/p>\n\n\n\n<p>A trav\u00e9s de sus redes sociales, dicho portal dio a conocer la desaparici\u00f3n del comunicador desde el domingo 4 de febrero y se indic\u00f3 que posiblemente pudo haber sido privado de su libertad mientras se encontraba en su domicilio.<\/p>\n\n\n\n<p>La organizaci\u00f3n Article 19 confirm\u00f3 los hechos y dio mayores detalles al respecto. <\/p>\n\n\n\n<p>Se inform\u00f3 que la \u00faltima comunicaci\u00f3n que sostuvo el periodista fue alrededor de las 18:50 horas del pasado domingo. Cuando sus familiares arribaron a su vivienda, encontraron la puerta abierta.<\/p>\n\n\n\n<p>Al momento de hacer una revisi\u00f3n en el inmueble, se percataron que su veh\u00edculo y varias pertenencias (como su celular y cartera) estaban abandonados. Fue as\u00ed como emitieron un reporte por desaparici\u00f3n.<\/p>\n\n\n\n<p>Un hombre cuya identidad se mantuvo bajo reserva indic\u00f3 a Article 19 que Michael Diaz hab\u00eda recibido llamadas de amenazas durante el transcurso del fin de semana pasado.<\/p>\n\n\n\n<p>Se indic\u00f3 que estas amenazas podr\u00edan tener relaci\u00f3n con una \u201ccobertura de abusos de autoridad\u201d que presuntamente son cometidos por elementos de la Polic\u00eda Estatal de Investigaci\u00f3n, mismos que Diaz hab\u00eda reportado como parte de su labor period\u00edstica.<\/p>\n\n\n\n<p>Asimismo, la organizaci\u00f3n mencion\u00f3 que el comunicador ya hab\u00eda recibido amenazas desde 2020, aunque no se detallaron los motivos. <\/p>\n\n\n\n<p>Es por ello que Diaz se incorpor\u00f3 al Mecanismo de Protecci\u00f3n para Personas Defensoras de Derechos Humanos y Periodistas, el cual es operado por la Secretar\u00eda de Gobernaci\u00f3n (Segob).<\/p>\n\n\n\n<p>Debido a estos hechos, los colegas del director de \u201cPeriodismo QR\u201d solicitaron a los seguidores de dicho medio compartir informaci\u00f3n sobre la desaparici\u00f3n. <\/p>\n\n\n\n<p>(Informaci\u00f3n de Infobae M\u00e9xico)<\/p>\n","protected":false},"excerpt":{"rendered":"<p>Redacci\u00f3n\/Zona Roja Cdmx. Ciudad de M\u00e9xico, a 6 de febrero de 2024.- Esta ma\u00f1ana y&hellip;<\/p>\n","protected":false},"author":2,"featured_media":65018,"comment_status":"closed","ping_status":"open","sticky":false,"template":"","format":"standard","meta":{"_lmt_disableupdate":"","_lmt_disable":"","_jetpack_memberships_contains_paid_content":false,"footnotes":""},"categories":[109,47],"tags":[3839],"class_list":["post-65017","post","type-post","status-publish","format-standard","has-post-thumbnail","hentry","category-minuto-a-minuto","category-zona-gris","tag-michael-antony-diaz-windsor"],"jetpack_featured_media_url":"https:\/\/zonaroja.com.mx\/wp-content\/uploads\/2024\/02\/Periodista-desaparecido-Quintana-Roo-Michael-Diaz.webp","jetpack_sharing_enabled":true,"_links":{"self":[{"href":"https:\/\/zonaroja.com.mx\/index.php?rest_route=\/wp\/v2\/posts\/65017","targetHints":{"allow":["GET"]}}],"collection":[{"href":"https:\/\/zonaroja.com.mx\/index.php?rest_route=\/wp\/v2\/posts"}],"about":[{"href":"https:\/\/zonaroja.com.mx\/index.php?rest_route=\/wp\/v2\/types\/post"}],"author":[{"embeddable":true,"href":"https:\/\/zonaroja.com.mx\/index.php?rest_route=\/wp\/v2\/users\/2"}],"replies":[{"embeddable":true,"href":"https:\/\/zonaroja.com.mx\/index.php?rest_route=%2Fwp%2Fv2%2Fcomments&post=65017"}],"version-history":[{"count":2,"href":"https:\/\/zonaroja.com.mx\/index.php?rest_route=\/wp\/v2\/posts\/65017\/revisions"}],"predecessor-version":[{"id":65027,"href":"https:\/\/zonaroja.com.mx\/index.php?rest_route=\/wp\/v2\/posts\/65017\/revisions\/65027"}],"wp:featuredmedia":[{"embeddable":true,"href":"https:\/\/zonaroja.com.mx\/index.php?rest_route=\/wp\/v2\/media\/65018"}],"wp:attachment":[{"href":"https:\/\/zonaroja.com.mx\/index.php?rest_route=%2Fwp%2Fv2%2Fmedia&parent=65017"}],"wp:term":[{"taxonomy":"category","embeddable":true,"href":"https:\/\/zonaroja.com.mx\/index.php?rest_route=%2Fwp%2Fv2%2Fcategories&post=65017"},{"taxonomy":"post_tag","embeddable":true,"href":"https:\/\/zonaroja.com.mx\/index.php?rest_route=%2Fwp%2Fv2%2Ftags&post=65017"}],"curies":[{"name":"wp","href":"https:\/\/api.w.org\/{rel}","templated":true}]}}