{"id":65020,"date":"2024-02-06T12:30:00","date_gmt":"2024-02-06T18:30:00","guid":{"rendered":"http:\/\/www.zonaroja.com.mx\/?p=65020"},"modified":"2024-02-06T08:04:43","modified_gmt":"2024-02-06T14:04:43","slug":"cantantes-oaxaquenas-daran-concierto-en-la-cdmx","status":"publish","type":"post","link":"https:\/\/zonaroja.com.mx\/?p=65020","title":{"rendered":"Cantantes oaxaque\u00f1as dar\u00e1n concierto en la Cdmx\u00a0"},"content":{"rendered":"\n<p>Redacci\u00f3n\/Zona Roja Cdmx.<\/p>\n\n\n\n<p>Ciudad de M\u00e9xico, a 6 de febrero de 2024.- Orgullosas de su tierra natal, m\u00fasica, costumbres y tradiciones, las mujeres creadoras y artistas de Oaxaca unieron sus talentos&nbsp;\u201cen un ejercicio de sororidad, as\u00ed como en un enorme acto de resistencia\u201d&nbsp;para visibilizar, preservar y difundir las lenguas maternas.<\/p>\n\n\n\n<p>En el espect\u00e1culo&nbsp;\u201cOaxaque\u00f1\u00edsimas\u201d, Mar\u00eda Reyna, Natalia Cruz, Silvia Mar\u00eda y Ana D\u00edaz fundir\u00e1n sus voces a la banda femenil regional \u201cMujeres del Viento Florido\u201d por primera vez en la Ciudad de M\u00e9xico, con una \u00fanica funci\u00f3n el 17 de febrero en el Teatro Esperanza Iris.&nbsp;<\/p>\n\n\n\n<p>Habr\u00e1 m\u00e1s de 45 artistas en escena, entre las cuatro int\u00e9rpretes, la agrupaci\u00f3n y los bailarines, adem\u00e1s del guitarrista H\u00e9ctor D\u00edaz, el percusionista Oxama y los pianistas Dar\u00edo Garc\u00eda y Joaqu\u00edn Garz\u00f3n.<\/p>\n\n\n\n<p>M\u00daSICA TRADICIONAL<\/p>\n\n\n\n<p>La propuesta esc\u00e9nica&nbsp;\u201ces una invitaci\u00f3n a recorrer las diferentes regiones de Oaxaca, a trav\u00e9s de sus ritmos, cantos, danzas y textiles, con la finalidad de generar una experiencia \u00fanica que refleje la riqueza del sureste del pa\u00eds\u201d, explicaron las int\u00e9rpretes junto con la maestra Leticia Gallardo, directora de la banda femenil a prop\u00f3sito del concierto que ya han presentado en los teatros Ju\u00e1rez y Macedonio Alcal\u00e1, as\u00ed como en el Z\u00f3calo de esa entidad.<\/p>\n\n\n\n<p>La importancia de presentarse en el recinto capitalino es motivo de alegr\u00eda y entusiasmo para las artistas y, en palabras de Leticia Gallardo es un gran logro porque&nbsp;\u201cla m\u00fasica tradicional tiene pocos espacios para mostrarse y nosotras tocamos desde nuestras comunidades, somos m\u00fasicas originarias de distintas regiones\u201d.<\/p>\n\n\n\n<p>Detall\u00f3:&nbsp;\u201cgeneralmente hay m\u00e1s oportunidades para lo comercial, no ha sido f\u00e1cil llegar al Esperanza Iris con sonidos que son de nuestros pueblos, regiones y del estado. Vamos a traerles algo de nuestra cotidianidad, de lo que hacemos en la tardes o en las fiestas, es decir, mostraremos la forma en c\u00f3mo concebimos la vida y lo que sucede en nuestro entorno, lo cual compartiremos con gusto para que vengan, escuchen y se valore abrir m\u00e1s espacios para estos trabajos\u201d.<\/p>\n\n\n\n<p>EJERCICIO DE SORORIDAD<\/p>\n\n\n\n<p>\u201cEs una lucha \u2013sostuvo\u2013 que hacemos desde nuestras comunidades y regiones; este formato de bandas tradicionales se ha presentado muy poco en estos escenarios y las integrantes de la banda no queremos ser las \u00fanicas que lleguemos estos recintos, sino que haya oportunidad para ni\u00f1os y j\u00f3venes y otras personas que hacen m\u00fasica\u201d en sus lugares de origen.<\/p>\n\n\n\n<p>Puntualiz\u00f3:&nbsp;\u201cen estos espacios podemos demostrar que los pueblos originarios todav\u00eda existen, que hablan su lengua. Esta riqueza que tenemos, donde somos meras representantes, es para decir que estamos vivas, resistiendo y queremos que conozcan nuestras culturas, porque no s\u00f3lo son el mixe, mixteco o zapoteco, sino que hay m\u00e1s de 16 familias ling\u00fc\u00edsticas en el estado\u201d.<\/p>\n\n\n\n<p>Sobre este&nbsp;\u201cejercicio de sororidad\u201d, Natalia Cruz explic\u00f3:&nbsp;\u201ceste concierto es un homenaje a las mujeres, no s\u00f3lo a las oaxaque\u00f1as, sino a las de todo el mundo que por medio de su quehacer en lo dom\u00e9stico, personal, humano, pero tambi\u00e9n en su trabajo y en lo profesional van conquistando espacios para otras compa\u00f1eras que vienen atr\u00e1s y caminando al lado de nosotras\u201d.<\/p>\n\n\n\n<p>Adem\u00e1s&nbsp;\u201chist\u00f3ricamente la m\u00fasica ha sido un territorio de hombres y en la m\u00fasica tradicional tambi\u00e9n es relativamente menor la presencia de las mujeres; ahora vamos codo con codo, brazo con brazo, cada una desde nuestra lucha y trayectoria para abrir m\u00e1s espacios, porque todas y todos merecemos la oportunidad de demostrar capacidades, talentos y proyectos\u201d.<\/p>\n\n\n\n<p>Cruz se\u00f1al\u00f3:&nbsp;\u201crepresentamos a la m\u00fasica tradicional de las distintas regiones de la entidad. En mi caso, interpreto m\u00fasica del Itsmo de Tehuantepec, en mi lengua materna que es el zapoteco, el cual forma nuestro patrimonio hist\u00f3rico y cultural\u201d.<\/p>\n\n\n\n<p>Presentarnos en estos recintos&nbsp;\u201ces un acto de resistencia de quienes venimos de pueblos ind\u00edgenas porque actualmente nuestras identidades est\u00e1n siendo avasalladas por una serie de cosas que amenazan con aniquilar a las lenguas maternas\u201d, enfatiz\u00f3 Natalia Cruz.<\/p>\n\n\n\n<p>\u201cOaxaque\u00f1\u00edsimas\u201d una producci\u00f3n de OaxacaArt\u00edstico, invita a bailar y corear, ya que cada una de las cantantes y compositoras har\u00e1n un recorrido por sus repertorios, que constan de piezas originales, as\u00ed como tambi\u00e9n de melod\u00edas de la tradici\u00f3n sonora de Oaxaca, muchas de ellas son himnos de la entidad como&nbsp;\u201cLa Llorona\u201d, o las chilenas, hasta llegar a la contempor\u00e1nea, entre otras que se han integrado con el paso del tiempo.<\/p>\n\n\n\n<p>Cabe destacar que OaxacaArt\u00edstico surgi\u00f3 en 2019 y ha realizado distintas producciones como&nbsp;Coincidir,&nbsp;Eterna: un homenaje a Silvia Mar\u00eda&nbsp;y actualmente&nbsp;\u201cOaxaque\u00f1\u00edsimas\u201d&nbsp;que llegar\u00e1 el s\u00e1bado 17 de febrero, a las 19 horas, en el Teatro de la Ciudad Esperanza Iris, ubicado en Donceles 36, colonia Centro Hist\u00f3rico, cerca del Metro Allende.<\/p>\n\n\n\n<p>&nbsp;(Informaci\u00f3n de \u201cLa Jornada\u201d)<\/p>\n","protected":false},"excerpt":{"rendered":"<p>Redacci\u00f3n\/Zona Roja Cdmx. Ciudad de M\u00e9xico, a 6 de febrero de 2024.- Orgullosas de su&hellip;<\/p>\n","protected":false},"author":2,"featured_media":65021,"comment_status":"closed","ping_status":"open","sticky":false,"template":"","format":"standard","meta":{"_lmt_disableupdate":"","_lmt_disable":"","_jetpack_memberships_contains_paid_content":false,"footnotes":""},"categories":[109,46],"tags":[3840],"class_list":["post-65020","post","type-post","status-publish","format-standard","has-post-thumbnail","hentry","category-minuto-a-minuto","category-zona-blanca","tag-espectaculo-oaxaquenisimas"],"jetpack_featured_media_url":"https:\/\/zonaroja.com.mx\/wp-content\/uploads\/2024\/02\/Espectaculo-oaxaquenisimas.jpg","jetpack_sharing_enabled":true,"_links":{"self":[{"href":"https:\/\/zonaroja.com.mx\/index.php?rest_route=\/wp\/v2\/posts\/65020","targetHints":{"allow":["GET"]}}],"collection":[{"href":"https:\/\/zonaroja.com.mx\/index.php?rest_route=\/wp\/v2\/posts"}],"about":[{"href":"https:\/\/zonaroja.com.mx\/index.php?rest_route=\/wp\/v2\/types\/post"}],"author":[{"embeddable":true,"href":"https:\/\/zonaroja.com.mx\/index.php?rest_route=\/wp\/v2\/users\/2"}],"replies":[{"embeddable":true,"href":"https:\/\/zonaroja.com.mx\/index.php?rest_route=%2Fwp%2Fv2%2Fcomments&post=65020"}],"version-history":[{"count":1,"href":"https:\/\/zonaroja.com.mx\/index.php?rest_route=\/wp\/v2\/posts\/65020\/revisions"}],"predecessor-version":[{"id":65022,"href":"https:\/\/zonaroja.com.mx\/index.php?rest_route=\/wp\/v2\/posts\/65020\/revisions\/65022"}],"wp:featuredmedia":[{"embeddable":true,"href":"https:\/\/zonaroja.com.mx\/index.php?rest_route=\/wp\/v2\/media\/65021"}],"wp:attachment":[{"href":"https:\/\/zonaroja.com.mx\/index.php?rest_route=%2Fwp%2Fv2%2Fmedia&parent=65020"}],"wp:term":[{"taxonomy":"category","embeddable":true,"href":"https:\/\/zonaroja.com.mx\/index.php?rest_route=%2Fwp%2Fv2%2Fcategories&post=65020"},{"taxonomy":"post_tag","embeddable":true,"href":"https:\/\/zonaroja.com.mx\/index.php?rest_route=%2Fwp%2Fv2%2Ftags&post=65020"}],"curies":[{"name":"wp","href":"https:\/\/api.w.org\/{rel}","templated":true}]}}