{"id":65033,"date":"2024-02-06T20:21:56","date_gmt":"2024-02-07T02:21:56","guid":{"rendered":"http:\/\/www.zonaroja.com.mx\/?p=65033"},"modified":"2024-02-06T20:28:57","modified_gmt":"2024-02-07T02:28:57","slug":"doblega-ctm-a-edil-de-coatlan-para-transitar-por-supercarretera-a-la-costa","status":"publish","type":"post","link":"https:\/\/zonaroja.com.mx\/?p=65033","title":{"rendered":"Doblega CTM a edil de Coatl\u00e1n para transitar por supercarretera a la Costa"},"content":{"rendered":"\n<p>Yuridiana Sosa\/Zona Roja.<\/p>\n\n\n\n<p>Oaxaca de Ju\u00e1rez, Oax., 6 de febrero de 2024.- Transportistas afiliados a la CTM y filiales, doblegaron la determinaci\u00f3n del edil de San Pablo Coatl\u00e1n, Abraham L\u00f3pez Mart\u00ednez y su empresa Ruta Coatlanes-Costa S.A. de C.V.,\u00a0de negarles su paso para laborara en la supercarretera Oaxaca-Costa.<\/p>\n\n\n\n<p>Tras una mesa de di\u00e1logo entre las partes interesadas y representantes del gobierno de Oaxaca y de M\u00e9xico, las empresas ajenas a las comunidades de los Coatlanes, algunas agrupadas en la&nbsp; Alianza Oaxaque\u00f1a de Pasaje y Turismo, podr\u00e1n ofrecer su servicio de pasaje colectivo de la capital hacia Costa, con la condici\u00f3n que sea servicio directo.<\/p>\n\n\n\n<p>En conferencia de prensa desde el z\u00f3calo de la capital, tras la mesa de di\u00e1logo en Palacio de Gobierno, los transportistas dieron a conocer que a partir de ma\u00f1ana iniciar\u00e1n sus servicios, luego que Ruta Coatlanes les impidi\u00f3 transitar ayer tras la apertura de la nueva carretera el pasado 4 de febrero.<\/p>\n\n\n\n<p>RECULA POSTURA<\/p>\n\n\n\n<p>El edil de San Pablo Coatl\u00e1n, Abraham L\u00f3pez Mart\u00ednez, representante de la empresa comunitaria Ruta Coatlanes-Costa S.A. de C.V, recul\u00f3 sobre la postura que adoptaron previo al inicio de operaciones de la supercarretera contra transportista de la Costa.<\/p>\n\n\n\n<p>Ante la presencia del presidente de la Alianza, Noel Velasco Tapia, L\u00f3pez Mart\u00ednez apunt\u00f3: \u201cSe ha estado confundiendo. La carretera no es de una comunidad, esta carretera se hizo con recurso p\u00fablico y es de la naci\u00f3n, lo \u00fanico que las comunidades pidieron, y se escuch\u00f3 en la reuni\u00f3n, es sumarse a este desarrollo que trae la autopista con esta empresa comunitaria que formaron los compa\u00f1eros\u201d.<\/p>\n\n\n\n<p>Ello pese a que de forma p\u00fablica se\u00f1alaron d\u00edas antes: \u201cSomos los \u00fanicos que transitaremos en esta nueva ruta\u2026 Esta ruta por derecho leg\u00edtimo de tierra nos pertenece a los Coatlanes, es nuestra tierra, son nuestras comunidades, es nuestro trabajo y lo vamos a defender\u00bb.<\/p>\n\n\n\n<p>&nbsp;\u201cEsas empresas de millonarios fifis&nbsp; quieren llegar ya que est\u00e1 la mesa servida a ser los primeros en beneficiarse, lucrar, seguirse enriqueciendo, de algo que no les cost\u00f3. Somos enf\u00e1ticos, &nbsp;no lo vamos a permitir\u201d.<\/p>\n\n\n\n<p>L\u00f3pez Mart\u00ednez reconoci\u00f3 que&nbsp; todas las empresas que cuenten con el permiso de la Secretar\u00eda de Infraestructura, Comunicaciones y Transportes van a transitar por la zona.<\/p>\n\n\n\n<p>Ambas partes expresaron que van a respetar los acuerdos planteados, entre ellos no levantar pasaje en el trayecto.<\/p>\n\n\n\n<p>En tanto, el edil priista por cuatro trienios y que ahora busca la diputaci\u00f3n local por Morena, neg\u00f3 que cuenta con alguna unidad&nbsp;en la empresa comunitaria de Coatlanes.<\/p>\n\n\n\n<p>INICIO<\/p>\n\n\n\n<p>El l\u00edo por el dominio de la ruta Oaxaca-Costa, en el tramo de Barranca Larga \u2013Ventanilla, estall\u00f3 el pasado 2 de febrero con el bloqueo carretero de transportistas de \u201cL\u00edneas Unidas\u201d, \u201cVilla Escondida\u201d y \u201cDelfines\u201d, de Puerto Escondido y Miahuatl\u00e1n.<\/p>\n\n\n\n<p>Lo anterior al conocer la postura de la empresa Ruta Coatlanes-Costa S.A. de C.V de negarles su acceso por la zona para trabajar.<\/p>\n\n\n\n<p>Por lo que, por medio de la protesta exigieron la intervenci\u00f3n de las autoridades para permitirles su paso ofreciendo el servicio de transporte.<\/p>\n\n\n\n<p>Tras ello siguieron los posicionamientos de los Coatlanes encabezados por el edil priista de San Pedro Coatl\u00e1n, quienes adem\u00e1s, este lunes al inicio de sus operaciones instalaron un filtro carretero para evitar el paso a otras unidades de pasaje.<\/p>\n","protected":false},"excerpt":{"rendered":"<p>Yuridiana Sosa\/Zona Roja. Oaxaca de Ju\u00e1rez, Oax., 6 de febrero de 2024.- Transportistas afiliados a&hellip;<\/p>\n","protected":false},"author":2,"featured_media":65034,"comment_status":"closed","ping_status":"open","sticky":false,"template":"","format":"standard","meta":{"_lmt_disableupdate":"","_lmt_disable":"","_jetpack_memberships_contains_paid_content":false,"footnotes":""},"categories":[109,47],"tags":[1442],"class_list":["post-65033","post","type-post","status-publish","format-standard","has-post-thumbnail","hentry","category-minuto-a-minuto","category-zona-gris","tag-supercarretera-oaxaca-costa-coatlan"],"jetpack_featured_media_url":"https:\/\/zonaroja.com.mx\/wp-content\/uploads\/2024\/02\/Reunion-caso-transportistas-Coatlanes.jpeg","jetpack_sharing_enabled":true,"_links":{"self":[{"href":"https:\/\/zonaroja.com.mx\/index.php?rest_route=\/wp\/v2\/posts\/65033","targetHints":{"allow":["GET"]}}],"collection":[{"href":"https:\/\/zonaroja.com.mx\/index.php?rest_route=\/wp\/v2\/posts"}],"about":[{"href":"https:\/\/zonaroja.com.mx\/index.php?rest_route=\/wp\/v2\/types\/post"}],"author":[{"embeddable":true,"href":"https:\/\/zonaroja.com.mx\/index.php?rest_route=\/wp\/v2\/users\/2"}],"replies":[{"embeddable":true,"href":"https:\/\/zonaroja.com.mx\/index.php?rest_route=%2Fwp%2Fv2%2Fcomments&post=65033"}],"version-history":[{"count":2,"href":"https:\/\/zonaroja.com.mx\/index.php?rest_route=\/wp\/v2\/posts\/65033\/revisions"}],"predecessor-version":[{"id":65036,"href":"https:\/\/zonaroja.com.mx\/index.php?rest_route=\/wp\/v2\/posts\/65033\/revisions\/65036"}],"wp:featuredmedia":[{"embeddable":true,"href":"https:\/\/zonaroja.com.mx\/index.php?rest_route=\/wp\/v2\/media\/65034"}],"wp:attachment":[{"href":"https:\/\/zonaroja.com.mx\/index.php?rest_route=%2Fwp%2Fv2%2Fmedia&parent=65033"}],"wp:term":[{"taxonomy":"category","embeddable":true,"href":"https:\/\/zonaroja.com.mx\/index.php?rest_route=%2Fwp%2Fv2%2Fcategories&post=65033"},{"taxonomy":"post_tag","embeddable":true,"href":"https:\/\/zonaroja.com.mx\/index.php?rest_route=%2Fwp%2Fv2%2Ftags&post=65033"}],"curies":[{"name":"wp","href":"https:\/\/api.w.org\/{rel}","templated":true}]}}