{"id":65037,"date":"2024-02-06T21:09:20","date_gmt":"2024-02-07T03:09:20","guid":{"rendered":"http:\/\/www.zonaroja.com.mx\/?p=65037"},"modified":"2024-02-06T21:09:21","modified_gmt":"2024-02-07T03:09:21","slug":"critica-situacion-de-inseguridad-en-oaxaca-capital-un-asesinado-y-un-baleado","status":"publish","type":"post","link":"https:\/\/zonaroja.com.mx\/?p=65037","title":{"rendered":"Cr\u00edtica, situaci\u00f3n de inseguridad en Oaxaca capital; un asesinado y un baleado"},"content":{"rendered":"\n<p>Ismael Garc\u00eda M.\/Zona Roja.<\/p>\n\n\n\n<p>Oaxaca de Ju\u00e1rez, Oax., a 6 de febrero de 2024.- Con Francisco Mart\u00ednez Neri o sin el edil, la inseguridad crece en la capital de Oaxaca y en un lapso de 24 horas, una persona fue asesinada a balazos y otra m\u00e1s result\u00f3 lesionada de gravedad tras un asalto.<\/p>\n\n\n\n<p>Alrededor del mediod\u00eda de hoy, sujetos armados interceptaron a un motociclista, en el puente \u201cGuadalupe Victoria\u201d, sobre el r\u00edo \u201cAtoyac\u201d, cerca de la zona de la Central de Abasto.<\/p>\n\n\n\n<p>Al oponer resistencia, cuando pretend\u00edan quitarle una mochila, presuntamente con dinero en efectivo, la v\u00edctima identificada como Luis C. M., de 45 a\u00f1os de edad, fue acribillado, mientras los atacantes huyeron con rumbo a San Mart\u00edn Mexic\u00e1pam.<\/p>\n\n\n\n<p>Un taxista que pasaba por la zona traslad\u00f3 al herido a la llamada \u201cCl\u00ednica del Pueblo\u201d, donde se report\u00f3 como grave su estado de salud; ning\u00fan polic\u00eda municipal se hallaba en la zona, por lo cual no hay detenidos.<\/p>\n\n\n\n<p>EL CRIMEN<\/p>\n\n\n\n<p>Apenas el pasado domingo, un hombre fue ejecutado a balazos en la colonia Volcanes, al norte de la capital.<\/p>\n\n\n\n<p>Tras los disparos de arma de fuego, personal del Heroico Cuerpo de Bomberos arrib\u00f3 a la calle de Zempoalt\u00e9petl, donde atendi\u00f3 a la persona, pero corrobor\u00f3 que ya no contaba con signos vitales.<\/p>\n\n\n\n<p>Hasta el momento la v\u00edctima no ha sido identificada y en el sitio personal de la Fiscal\u00eda General del Estado de Oaxaca hall\u00f3 al menos 15 casquillos percutidos, calibre 22. En la zona tampoco hab\u00eda rondines de la polic\u00eda municipal, al mando del militar Ra\u00fal \u00c1vila Ibarra, por lo cual tampoco hay detenidos.<\/p>\n","protected":false},"excerpt":{"rendered":"<p>Ismael Garc\u00eda M.\/Zona Roja. Oaxaca de Ju\u00e1rez, Oax., a 6 de febrero de 2024.- Con&hellip;<\/p>\n","protected":false},"author":2,"featured_media":65038,"comment_status":"closed","ping_status":"open","sticky":false,"template":"","format":"standard","meta":{"_lmt_disableupdate":"","_lmt_disable":"","_jetpack_memberships_contains_paid_content":false,"footnotes":""},"categories":[109,51],"tags":[148],"class_list":["post-65037","post","type-post","status-publish","format-standard","has-post-thumbnail","hentry","category-minuto-a-minuto","category-zona-roja","tag-oaxaca-de-juarez"],"jetpack_featured_media_url":"https:\/\/zonaroja.com.mx\/wp-content\/uploads\/2024\/02\/Baleado-ciudad-de-Oaxaca.jpg","jetpack_sharing_enabled":true,"_links":{"self":[{"href":"https:\/\/zonaroja.com.mx\/index.php?rest_route=\/wp\/v2\/posts\/65037","targetHints":{"allow":["GET"]}}],"collection":[{"href":"https:\/\/zonaroja.com.mx\/index.php?rest_route=\/wp\/v2\/posts"}],"about":[{"href":"https:\/\/zonaroja.com.mx\/index.php?rest_route=\/wp\/v2\/types\/post"}],"author":[{"embeddable":true,"href":"https:\/\/zonaroja.com.mx\/index.php?rest_route=\/wp\/v2\/users\/2"}],"replies":[{"embeddable":true,"href":"https:\/\/zonaroja.com.mx\/index.php?rest_route=%2Fwp%2Fv2%2Fcomments&post=65037"}],"version-history":[{"count":1,"href":"https:\/\/zonaroja.com.mx\/index.php?rest_route=\/wp\/v2\/posts\/65037\/revisions"}],"predecessor-version":[{"id":65039,"href":"https:\/\/zonaroja.com.mx\/index.php?rest_route=\/wp\/v2\/posts\/65037\/revisions\/65039"}],"wp:featuredmedia":[{"embeddable":true,"href":"https:\/\/zonaroja.com.mx\/index.php?rest_route=\/wp\/v2\/media\/65038"}],"wp:attachment":[{"href":"https:\/\/zonaroja.com.mx\/index.php?rest_route=%2Fwp%2Fv2%2Fmedia&parent=65037"}],"wp:term":[{"taxonomy":"category","embeddable":true,"href":"https:\/\/zonaroja.com.mx\/index.php?rest_route=%2Fwp%2Fv2%2Fcategories&post=65037"},{"taxonomy":"post_tag","embeddable":true,"href":"https:\/\/zonaroja.com.mx\/index.php?rest_route=%2Fwp%2Fv2%2Ftags&post=65037"}],"curies":[{"name":"wp","href":"https:\/\/api.w.org\/{rel}","templated":true}]}}