{"id":65052,"date":"2024-02-07T10:27:00","date_gmt":"2024-02-07T16:27:00","guid":{"rendered":"http:\/\/www.zonaroja.com.mx\/?p=65052"},"modified":"2024-02-07T08:08:57","modified_gmt":"2024-02-07T14:08:57","slug":"confirma-inocente-castellanos-que-va-por-reeleccion-en-xoxocotlan","status":"publish","type":"post","link":"https:\/\/zonaroja.com.mx\/?p=65052","title":{"rendered":"Confirma Inocente Castellanos que va por reelecci\u00f3n en Xoxocotl\u00e1n"},"content":{"rendered":"\n<p>Ismael Garc\u00eda M.\/Zona Roja.<\/p>\n\n\n\n<p>Oaxaca de Ju\u00e1rez, Oax., a 7 de febrero de 2023.- El presidente municipal de Santa Cruz Xoxocotl\u00e1n, Inocente Castellanos Alejos, confirm\u00f3 que va por la reelecci\u00f3n para presidente municipal, aunque no ha definido por cu\u00e1l partido pol\u00edtico.<\/p>\n\n\n\n<p>En entrevista colectiva, luego de presentar una serie de actividades deportivas que se efectuaran en ese municipio conurbado a la capital, lament\u00f3 asimismo la reducci\u00f3n presupuestal de m\u00e1s de 40 millones de pesos.<\/p>\n\n\n\n<p>\u201cTenemos definidos los tiempos, llegado el momento y como lo marque la ley haremos lo que tengamos que hacer para participar. La gente lo pide y el trabajo que hay que hacer por Xoxocotl\u00e1n todav\u00eda es mucho\u201d, dijo.<\/p>\n\n\n\n<p>-\u00bfPor qu\u00e9 partido ir\u00e1?<\/p>\n\n\n\n<p>-A\u00fan no sabemos, estamos en espera; recuerden que hemos sido un gobierno ciudadano, que no trae color; en su momento se decide en qu\u00e9 partido cobijarse.<\/p>\n\n\n\n<p>\u201cHay propuestas e invitaciones de algunos partidos pero todav\u00eda no est\u00e1 definido d\u00f3nde nos iremos\u201d, asegur\u00f3.<\/p>\n\n\n\n<p>Con respecto a la reducci\u00f3n presupuestal, que decret\u00f3 el Congreso local, consider\u00f3 que es muy grave, pues ante m\u00faltiples carencias, los recursos financieros no alcanzan.<\/p>\n\n\n\n<p>\u201cEste recorte presupuestal viene a afectar fuertemente al municipio\u201d, dijo.<\/p>\n\n\n\n<p>-\u00bfEste recorte tiene un tinte pol\u00edtico?<\/p>\n\n\n\n<p>-Pues no puedo se\u00f1alar como tal pero s\u00ed pudieron haber hecho en el Congreso una observaci\u00f3n, una propuesta; tenemos diputados que viven en nuestro municipio y que pudieron haber ayudado para que no se aprobara esa ley tan golpeada.<\/p>\n\n\n\n<p>Inocente Castellanos abund\u00f3 que la justificaci\u00f3n por la que se hizo el recorte presupuestal es ajena a la actual administraci\u00f3n y confi\u00f3 en que realiza pl\u00e1ticas para recuperar dicho monto.<\/p>\n\n\n\n<p>ACTIVIDADES DEPORTIVAS<\/p>\n\n\n\n<p>Previo a la entrevista, el edil y su equipo de trabajo present\u00f3 una serie de actividades deportivas, entre ellas una carrera atl\u00e9tica, para el d\u00eda 11 de este mes de febrero, en el marco del D\u00eda del Amor y la Amistad.<\/p>\n\n\n\n<p>\u201cHenos fomentado el deporte, la cultura, actividades que distraigan y ayuden a los ni\u00f1os a ocuparse en cosas de beneficio. Buscamos adem\u00e1s formar ni\u00f1os que compitan y Xoxocotl\u00e1n tiene talentos\u201d, manifest\u00f3 Inocente Castellanos.<\/p>\n\n\n\n<p>La destacada deportista oaxaque\u00f1a Xunashi Caballero anunci\u00f3 el inicio del proyecto de la escuela municipal de karate, en que tambi\u00e9n participa su entrenador Miguel \u00c1ngel S\u00e1nchez Arellano.<\/p>\n\n\n\n<p>Asegur\u00f3 que como presidenta de la Asociaci\u00f3n de Escuelas Oficiales de Karate, que ha comenzado a rendir frutos y recientemente 20 menores clasificaron para los campeonatos centroamericanos.<\/p>\n\n\n\n<p>\u201cNuestro proyecto es que el karate crezca, que se d\u00e9 a conocer, falta por promover el karate y estoy agradecida que el presidente municipal me d\u00e9 la oportunidad de abrir la escuela\u201d, dijo la campeona nacional e internacional.<\/p>\n\n\n\n<p>Tambi\u00e9n habr\u00e1 clases de box y otras actividades, en el reci\u00e9n remodelado patio de las oficinas administrativas, habilitadas como \u00e1reas para el deporte.<\/p>\n","protected":false},"excerpt":{"rendered":"<p>Ismael Garc\u00eda M.\/Zona Roja. Oaxaca de Ju\u00e1rez, Oax., a 7 de febrero de 2023.- El&hellip;<\/p>\n","protected":false},"author":2,"featured_media":65056,"comment_status":"closed","ping_status":"open","sticky":false,"template":"","format":"standard","meta":{"_lmt_disableupdate":"","_lmt_disable":"","_jetpack_memberships_contains_paid_content":false,"footnotes":""},"categories":[109,46],"tags":[133],"class_list":["post-65052","post","type-post","status-publish","format-standard","has-post-thumbnail","hentry","category-minuto-a-minuto","category-zona-blanca","tag-santa-cruz-xoxocotlan"],"jetpack_featured_media_url":"https:\/\/zonaroja.com.mx\/wp-content\/uploads\/2024\/02\/Conferencia-Xoxocotlan-Inocente-castellanos.jpg","jetpack_sharing_enabled":true,"_links":{"self":[{"href":"https:\/\/zonaroja.com.mx\/index.php?rest_route=\/wp\/v2\/posts\/65052","targetHints":{"allow":["GET"]}}],"collection":[{"href":"https:\/\/zonaroja.com.mx\/index.php?rest_route=\/wp\/v2\/posts"}],"about":[{"href":"https:\/\/zonaroja.com.mx\/index.php?rest_route=\/wp\/v2\/types\/post"}],"author":[{"embeddable":true,"href":"https:\/\/zonaroja.com.mx\/index.php?rest_route=\/wp\/v2\/users\/2"}],"replies":[{"embeddable":true,"href":"https:\/\/zonaroja.com.mx\/index.php?rest_route=%2Fwp%2Fv2%2Fcomments&post=65052"}],"version-history":[{"count":1,"href":"https:\/\/zonaroja.com.mx\/index.php?rest_route=\/wp\/v2\/posts\/65052\/revisions"}],"predecessor-version":[{"id":65057,"href":"https:\/\/zonaroja.com.mx\/index.php?rest_route=\/wp\/v2\/posts\/65052\/revisions\/65057"}],"wp:featuredmedia":[{"embeddable":true,"href":"https:\/\/zonaroja.com.mx\/index.php?rest_route=\/wp\/v2\/media\/65056"}],"wp:attachment":[{"href":"https:\/\/zonaroja.com.mx\/index.php?rest_route=%2Fwp%2Fv2%2Fmedia&parent=65052"}],"wp:term":[{"taxonomy":"category","embeddable":true,"href":"https:\/\/zonaroja.com.mx\/index.php?rest_route=%2Fwp%2Fv2%2Fcategories&post=65052"},{"taxonomy":"post_tag","embeddable":true,"href":"https:\/\/zonaroja.com.mx\/index.php?rest_route=%2Fwp%2Fv2%2Ftags&post=65052"}],"curies":[{"name":"wp","href":"https:\/\/api.w.org\/{rel}","templated":true}]}}