{"id":65058,"date":"2024-02-07T11:10:00","date_gmt":"2024-02-07T17:10:00","guid":{"rendered":"http:\/\/www.zonaroja.com.mx\/?p=65058"},"modified":"2024-02-07T08:19:37","modified_gmt":"2024-02-07T14:19:37","slug":"fiscalia-de-oaxaca-aprehende-a-tres-personas-por-diferentes-delitos-sexuales","status":"publish","type":"post","link":"https:\/\/zonaroja.com.mx\/?p=65058","title":{"rendered":"Fiscal\u00eda de Oaxaca aprehende a tres personas por diferentes delitos sexuales"},"content":{"rendered":"\n<p>Redacci\u00f3n\/Zona Roja.<\/p>\n\n\n\n<p>Oaxaca de Ju\u00e1rez, Oax., a 7 de enero de 2024.- Como resultado de la implementaci\u00f3n de acciones derivadas de la estrategia contra agresores sexuales de ni\u00f1as, ni\u00f1os y adolescentes que lleva a cabo la Fiscal\u00eda General del Estado de Oaxaca (FGEO) se ejecutaron tres \u00f3rdenes de aprehensi\u00f3n -por diferentes casos- en contra de personas imputadas por los delitos de Violaci\u00f3n, Violaci\u00f3n Equiparada y Pederastia, cometidos en las regiones de los Valles Centrales y del Istmo de Tehuantepec.<\/p>\n\n\n\n<p>El primero de los casos ocurri\u00f3 el 18 de mayo de 2022, cuando la v\u00edctima ten\u00eda 11 a\u00f1os de edad y se encontraba en el domicilio localizado en el barrio Lexio, en la Villa de Zaachila, donde fue agredida de manera sexual, conducta que se configura en el delito de Pederastia.<\/p>\n\n\n\n<p>Por este caso, la FGEO realiz\u00f3 investigaciones por las cuales se obtuvo la orden de aprehensi\u00f3n a la que se dio cumplimiento al detener a H. H. C., quien qued\u00f3 a disposici\u00f3n de la autoridad correspondiente.<\/p>\n\n\n\n<p>El segundo caso tambi\u00e9n sucedi\u00f3 en los Valles Centrales, en el municipio de Santa Ana Zegache, donde, de acuerdo con la denuncia, entre el 17 y 18 de abril de 2023, la v\u00edctima (una ni\u00f1a de 11 a\u00f1os de edad) sufri\u00f3 una agresi\u00f3n al interior de un domicilio, conducta calificada como Violaci\u00f3n Equiparada Agravada.<\/p>\n\n\n\n<p>Tras recibir la denuncia, la FGEO inici\u00f3 las investigaciones gracias a las cuales se obtuvo una orden de aprehensi\u00f3n la cual fue ejecutada por elementos de la Agencia Estatal de Investigaciones que detuvieron a R. M. V., quien fue puesto a disposici\u00f3n de la autoridad que lo requiri\u00f3 para que resuelva su situaci\u00f3n jur\u00eddica.<\/p>\n\n\n\n<p>Mientras que el tercer caso sucedi\u00f3 en el Istmo de Tehuantepec, en un domicilio de la colonia la Flores, en el municipio de Santa Mar\u00eda Petapa, donde una adolescente fue v\u00edctima de Violaci\u00f3n, por lo que denunci\u00f3 los hechos ante la Fiscal\u00eda.<\/p>\n\n\n\n<p>Como resultado de los trabajos de investigaci\u00f3n, se obtuvo una orden de aprehensi\u00f3n que hizo posible la detenci\u00f3n de G. O. C. por el delito de Violaci\u00f3n, quien fue puesto a disposici\u00f3n de la autoridad correspondiente.<\/p>\n\n\n\n<p>PRESUNTO HOMICIDA<\/p>\n\n\n\n<p>En otro caso, la Fiscal\u00eda General ejecut\u00f3 una orden de aprehensi\u00f3n con la que fue posible la detenci\u00f3n de una persona del sexo masculino identificada como J.A.R.T., por el delito de homicidio calificado con ventaja.<\/p>\n\n\n\n<p>De acuerdo con el expediente penal del caso, el 19 de junio de 2022, la v\u00edctima -identificada como J.J.D.J.- lleg\u00f3 a una casa ubicada en la colonia Moderna en Ciudad Ixtepec, lugar en el que se encontraban varias personas que golpearon a la v\u00edctima en diferentes partes del cuerpo, infligiendo lesiones que le provocaron la muerte.<\/p>\n\n\n\n<p>La FGEO tom\u00f3 conocimiento de los hechos e inici\u00f3 las investigaciones correspondientes a trav\u00e9s de la Vicefiscal\u00eda Regional del Istmo, que realiz\u00f3 las primeras indagatorias que permitieron la obtenci\u00f3n de una orden de aprehensi\u00f3n.<\/p>\n\n\n\n<p>Elementos de la Agencia Estatal de Investigaciones localizaron al imputado J.A.R.T., a quien detuvieron para dar cumplimiento al mandato judicial y lo pusieron a disposici\u00f3n de la autoridad ministerial para que se resuelva su situaci\u00f3n jur\u00eddica.<\/p>\n","protected":false},"excerpt":{"rendered":"<p>Redacci\u00f3n\/Zona Roja. Oaxaca de Ju\u00e1rez, Oax., a 7 de enero de 2024.- Como resultado de&hellip;<\/p>\n","protected":false},"author":2,"featured_media":65059,"comment_status":"closed","ping_status":"open","sticky":false,"template":"","format":"standard","meta":{"_lmt_disableupdate":"","_lmt_disable":"","_jetpack_memberships_contains_paid_content":false,"footnotes":""},"categories":[109,46],"tags":[494],"class_list":["post-65058","post","type-post","status-publish","format-standard","has-post-thumbnail","hentry","category-minuto-a-minuto","category-zona-blanca","tag-fiscalia-general-del-estado-de-oaxaca"],"jetpack_featured_media_url":"https:\/\/zonaroja.com.mx\/wp-content\/uploads\/2024\/02\/Detenidos-Fiscalia-Oaxaca-1.jpg","jetpack_sharing_enabled":true,"_links":{"self":[{"href":"https:\/\/zonaroja.com.mx\/index.php?rest_route=\/wp\/v2\/posts\/65058","targetHints":{"allow":["GET"]}}],"collection":[{"href":"https:\/\/zonaroja.com.mx\/index.php?rest_route=\/wp\/v2\/posts"}],"about":[{"href":"https:\/\/zonaroja.com.mx\/index.php?rest_route=\/wp\/v2\/types\/post"}],"author":[{"embeddable":true,"href":"https:\/\/zonaroja.com.mx\/index.php?rest_route=\/wp\/v2\/users\/2"}],"replies":[{"embeddable":true,"href":"https:\/\/zonaroja.com.mx\/index.php?rest_route=%2Fwp%2Fv2%2Fcomments&post=65058"}],"version-history":[{"count":1,"href":"https:\/\/zonaroja.com.mx\/index.php?rest_route=\/wp\/v2\/posts\/65058\/revisions"}],"predecessor-version":[{"id":65060,"href":"https:\/\/zonaroja.com.mx\/index.php?rest_route=\/wp\/v2\/posts\/65058\/revisions\/65060"}],"wp:featuredmedia":[{"embeddable":true,"href":"https:\/\/zonaroja.com.mx\/index.php?rest_route=\/wp\/v2\/media\/65059"}],"wp:attachment":[{"href":"https:\/\/zonaroja.com.mx\/index.php?rest_route=%2Fwp%2Fv2%2Fmedia&parent=65058"}],"wp:term":[{"taxonomy":"category","embeddable":true,"href":"https:\/\/zonaroja.com.mx\/index.php?rest_route=%2Fwp%2Fv2%2Fcategories&post=65058"},{"taxonomy":"post_tag","embeddable":true,"href":"https:\/\/zonaroja.com.mx\/index.php?rest_route=%2Fwp%2Fv2%2Ftags&post=65058"}],"curies":[{"name":"wp","href":"https:\/\/api.w.org\/{rel}","templated":true}]}}