{"id":6506,"date":"2019-12-09T13:09:27","date_gmt":"2019-12-09T19:09:27","guid":{"rendered":"https:\/\/www.zonaroja.com.mx\/?p=6506"},"modified":"2019-12-09T13:11:38","modified_gmt":"2019-12-09T19:11:38","slug":"inicia-lunes-con-caos-e-ingobernabilidad-en-oaxaca-protestas-po-todo-lados-con-cid-fffd","status":"publish","type":"post","link":"https:\/\/zonaroja.com.mx\/?p=6506","title":{"rendered":"Inicia lunes con caos e ingobernabilidad en Oaxaca; protestas por todo lados"},"content":{"rendered":"\n<p>Redacci\u00f3n\/Zona Roja.<\/p>\n\n\n\n<p>Oaxaca de Ju\u00e1rez, Oax., 9 de diciembre de 2019.- Con caos e ingobernabilidad inici\u00f3 la semana en Oaxaca.&nbsp;<\/p>\n\n\n\n<p>Pobladores, trabajadores y estudiantes protagonizan este lunes diversas protestas y bloqueo de vialidades.&nbsp;<\/p>\n\n\n\n<p>Adem\u00e1s del bloqueo a tres v\u00edas en la zona oriente de la capital durante seis horas  por parte pobladores de San Sebasti\u00e1n Tutla, integrantes de un bloque de comunidades ind\u00edgenas y campesinas, se manifiestan este lunes en el Centro Hist\u00f3rico de la Oaxaca, a las afueras de la Casa de Gobierno, donde se instalaron en plant\u00f3n indefinido.<\/p>\n\n\n\n<p><div class=\"twitter-tweet\"><blockquote class=\"twitter-tweet\" data-lang=\"es\"><p lang=\"es\" dir=\"ltr\"><a href=\"https:\/\/twitter.com\/hashtag\/OaxacaGris?src=hash&amp;ref_src=twsrc%5Etfw\">#OaxacaGris<\/a><br>(2) Adem\u00e1s de afectar a cientos de estudiantes, trabajadores, amas de casa, pobladores de San Sebasti\u00e1n Tutla queman llantas en el crucero del monumento a don Benito Ju\u00e1rez zona oriente; tambi\u00e9n bloquean Camino Nacional y la avenida Ferrocarril. <a href=\"https:\/\/t.co\/H58SjkdzER\">pic.twitter.com\/H58SjkdzER<\/a><\/p>&mdash; Zona Roja Oaxaca (@MexRoja) <a href=\"https:\/\/twitter.com\/MexRoja\/status\/1204063603256463360?ref_src=twsrc%5Etfw\">9 de diciembre de 2019<\/a><\/blockquote><\/div><\/p>\n\n\n\n<p>Lo anterior en el marco de D\u00eda Internacional de las Personas Defensoras de los Derechos Humanos, a fin de denunciar las graves violaciones a las garant\u00edas individuales de las y los ind\u00edgenas que defienden su territorio en la entidad oaxaque\u00f1a.&nbsp;<\/p>\n\n\n\n<p>Durante su actividad con bloqueo en la avenida Ju\u00e1rez, y en voz de Victoria Jim\u00e9nez, acusaron la falta de cumplimiento por parte de las autoridades estatales en cuanto a las medidas cautelares otorgadas por organismos protectores de derechos humanos, lo cual se ha traducido en el asesinato de defensoras y defensores ind\u00edgenas.<\/p>\n\n\n\n<p>As\u00ed mismo urgieron la integraci\u00f3n de la Comisi\u00f3n de Atenci\u00f3n a V\u00edctimas, la cual debe responder a los&nbsp;intereses&nbsp;de las personas que han sido vulneradas por defender sus derechos comunitarios e ind\u00edgenas por parte de los grandes capitales que se quieren aprovechar de sus recursos y territorio.<\/p>\n\n\n\n<p>Denunciaron que las comunidades ind\u00edgenas contin\u00faan padeciendo de los servicios b\u00e1sicos como luz, agua potable y salud por citar los m\u00e1s urgentes, as\u00ed como la falta de obra p\u00fablica y proyectos productivos que permitan reducir la pobreza, mientras el gobernador de Oaxaca realiza un informe a modo en el que demuestra su desconocimiento de la realidad oaxaque\u00f1a.<\/p>\n\n\n\n<p><div class=\"twitter-tweet\"><blockquote class=\"twitter-tweet\" data-lang=\"es\"><p lang=\"es\" dir=\"ltr\"><a href=\"https:\/\/twitter.com\/hashtag\/OaxacaGris?src=hash&amp;ref_src=twsrc%5Etfw\">#OaxacaGris<\/a><br>El caos y la ingobernabilidad se mantienen en la entidad y otro de los bloqueos se registra en la avenida Ju\u00e1rez de la ciudad de Oaxaca, frente a la Casa Oficial de Gobierno, por parte de organizaciones sociales que exigen soluci\u00f3n a diversas demandas. <a href=\"https:\/\/t.co\/HQvSdqO1jl\">pic.twitter.com\/HQvSdqO1jl<\/a><\/p>&mdash; Zona Roja Oaxaca (@MexRoja) <a href=\"https:\/\/twitter.com\/MexRoja\/status\/1204095174961328128?ref_src=twsrc%5Etfw\">9 de diciembre de 2019<\/a><\/blockquote><\/div><\/p>\n\n\n\n<p>\u201cTres a\u00f1os disque se combate la pobreza, tres a\u00f1os de Alejandro Murat que se asesina a luchadores sociales, tres a\u00f1os que se niega el acceso a la justicia al pueblo de Oaxaca, tres a\u00f1os de impunidad y simulaci\u00f3n\u201d, cito la representante de las diversas organizaciones<\/p>\n\n\n\n<p>&nbsp;Exigieron justicia para su compa\u00f1ero Gustavo Cruz Mendoza, integrantes del Consejo Ind\u00edgena Popular de Oaxaca \u201cRicardo Flores Mag\u00f3n\u201d (CIPO- RFM), asesinado en febrero de este a\u00f1o en inmediaciones de la comunidad Cerro Caliente, en el municipio de Santiago Jocotepec.<\/p>\n\n\n\n<p>&nbsp;M\u00c1S PROTESTAS<\/p>\n\n\n\n<p>Por otra parte, alumnos de la Federaci\u00f3n Nacional de Estudiantes Revolucionarios \u201cRafael Ram\u00edrez\u201d, protestan en oficinas del IEEPO de la colonia Reforma de la capital, en demanda del pago de salarios de cuatro de sus profesoras.&nbsp;<\/p>\n\n\n\n<p>El instituto ha reiterado que sus demandas son fuera de la ley.&nbsp;<\/p>\n\n\n\n<p>En las oficinas del antiguo programa de Seguro Popular, ubicadas en la calle de Violetas, colonia Reforma, trabajadores cerraron el inmueble, para exigir a las autoridades su re contrataci\u00f3n y continuaci\u00f3n de labores en el nuevo  esquema del Instituto Nacional de Saljd Bienestar. <\/p>\n\n\n\n<p><div class=\"twitter-tweet\"><blockquote class=\"twitter-tweet\" data-lang=\"es\"><p lang=\"es\" dir=\"ltr\"><a href=\"https:\/\/twitter.com\/hashtag\/OaxacaGris?src=hash&amp;ref_src=twsrc%5Etfw\">#OaxacaGris<\/a><br>Una en\u00e9sima protesta en Oaxaca se registra hoy contra los <a href=\"https:\/\/twitter.com\/SSO_GobOax?ref_src=twsrc%5Etfw\">@SSO_GobOax<\/a> y <a href=\"https:\/\/twitter.com\/SSalud_mx?ref_src=twsrc%5Etfw\">@SSalud_mx<\/a>, por parte de trabajadores del antiguo programa del Seguro Popular, que exigen seguridad laboral. <a href=\"https:\/\/t.co\/RBqhl11kw5\">pic.twitter.com\/RBqhl11kw5<\/a><\/p>&mdash; Zona Roja Oaxaca (@MexRoja) <a href=\"https:\/\/twitter.com\/MexRoja\/status\/1204104436940828672?ref_src=twsrc%5Etfw\">9 de diciembre de 2019<\/a><\/blockquote><\/div><\/p>\n\n\n\n<p>Tambi\u00e9n en la capital pero en San Felipe del Agua, trabajadores del Colegio Nacional de Peofesional (Conalep)&nbsp;protestan en las oficinas de la representaci\u00f3n estatal ubicada en avenida La Paz 207, fraccionamiento Colinas de la Soledad, por la revisi\u00f3n de su contrato.&nbsp;<\/p>\n\n\n\n<p>Mientras tanto, en la regi\u00f3n del Istmo, habitantes de la comunidad de Santiago Astata bloquean la v\u00eda federal 200, a la altura de ese municipio, para exigir agilizar la elecci\u00f3n de sus autoridades municipales.&nbsp;<\/p>\n","protected":false},"excerpt":{"rendered":"<p>Redacci\u00f3n\/Zona Roja. Oaxaca de Ju\u00e1rez, Oax., 9 de diciembre de 2019.- Con caos e ingobernabilidad&hellip;<\/p>\n","protected":false},"author":2,"featured_media":6505,"comment_status":"closed","ping_status":"open","sticky":false,"template":"","format":"standard","meta":{"_lmt_disableupdate":"","_lmt_disable":"","_jetpack_memberships_contains_paid_content":false,"footnotes":""},"categories":[109,47],"tags":[1116],"class_list":["post-6506","post","type-post","status-publish","format-standard","has-post-thumbnail","hentry","category-minuto-a-minuto","category-zona-gris","tag-san-sebastian-tutla"],"jetpack_featured_media_url":"https:\/\/zonaroja.com.mx\/wp-content\/uploads\/2019\/12\/ezy-watermark_09-12-2019_01-06-32p.-m..jpg","jetpack_sharing_enabled":true,"_links":{"self":[{"href":"https:\/\/zonaroja.com.mx\/index.php?rest_route=\/wp\/v2\/posts\/6506","targetHints":{"allow":["GET"]}}],"collection":[{"href":"https:\/\/zonaroja.com.mx\/index.php?rest_route=\/wp\/v2\/posts"}],"about":[{"href":"https:\/\/zonaroja.com.mx\/index.php?rest_route=\/wp\/v2\/types\/post"}],"author":[{"embeddable":true,"href":"https:\/\/zonaroja.com.mx\/index.php?rest_route=\/wp\/v2\/users\/2"}],"replies":[{"embeddable":true,"href":"https:\/\/zonaroja.com.mx\/index.php?rest_route=%2Fwp%2Fv2%2Fcomments&post=6506"}],"version-history":[{"count":3,"href":"https:\/\/zonaroja.com.mx\/index.php?rest_route=\/wp\/v2\/posts\/6506\/revisions"}],"predecessor-version":[{"id":6509,"href":"https:\/\/zonaroja.com.mx\/index.php?rest_route=\/wp\/v2\/posts\/6506\/revisions\/6509"}],"wp:featuredmedia":[{"embeddable":true,"href":"https:\/\/zonaroja.com.mx\/index.php?rest_route=\/wp\/v2\/media\/6505"}],"wp:attachment":[{"href":"https:\/\/zonaroja.com.mx\/index.php?rest_route=%2Fwp%2Fv2%2Fmedia&parent=6506"}],"wp:term":[{"taxonomy":"category","embeddable":true,"href":"https:\/\/zonaroja.com.mx\/index.php?rest_route=%2Fwp%2Fv2%2Fcategories&post=6506"},{"taxonomy":"post_tag","embeddable":true,"href":"https:\/\/zonaroja.com.mx\/index.php?rest_route=%2Fwp%2Fv2%2Ftags&post=6506"}],"curies":[{"name":"wp","href":"https:\/\/api.w.org\/{rel}","templated":true}]}}