{"id":65064,"date":"2024-02-07T12:22:00","date_gmt":"2024-02-07T18:22:00","guid":{"rendered":"http:\/\/www.zonaroja.com.mx\/?p=65064"},"modified":"2024-02-07T08:24:25","modified_gmt":"2024-02-07T14:24:25","slug":"opinion-amlo-y-alejandro-murat-el-pacto-a-cambio-de-la-humillacion","status":"publish","type":"post","link":"https:\/\/zonaroja.com.mx\/?p=65064","title":{"rendered":"Opini\u00f3n. AMLO y Alejandro Murat: el pacto a cambio de la humillaci\u00f3n"},"content":{"rendered":"\n<p>Adri\u00e1n Ortiz Romero Cuevas*<\/p>\n\n\n\n<p>Ning\u00fan Presidente de la Rep\u00fablica se habr\u00eda atrevido a hacerle a Jos\u00e9 Murat lo que este fin de semana le hizo Andr\u00e9s Manuel L\u00f3pez Obrador al hijo del exgobernador oaxaque\u00f1o. Al inaugurar la autopista Barranca Larga-Ventanilla, el Titular del Poder Ejecutivo Federal invit\u00f3 al exmandatario oaxaque\u00f1o a ser testigo de la ceremonia. Ah\u00ed, m\u00e1s all\u00e1 de la aparente incomodidad del gobernador Salom\u00f3n Jara, lo que se pudo ver fue el tama\u00f1o real de Murat Hinojosa como pol\u00edtico a ras de tierra. Seguramente, ese encuentro sell\u00f3 el acuerdo pol\u00edtico entre ambos&nbsp;\u2014que AMLO cumplir\u00e1\u2014. Pero eso no le quita el haber exhibido a Alejandro Murat en su&nbsp;peque\u00f1ez como factor de poder&nbsp;actual&nbsp;en la entidad.&nbsp;<\/p>\n\n\n\n<p>En efecto, anteayer fue toda una sorpresa el anuncio de que Alejandro Murat estar\u00eda presente en la ceremonia de inauguraci\u00f3n de la autopista que conecta a los&nbsp;Valles Centrales&nbsp;con la regi\u00f3n de la&nbsp;Costa&nbsp;oaxaque\u00f1a. Se auguraba un aut\u00e9ntico d\u00eda de fiesta, m\u00e1xime que tanto el Presidente como el Gobernador de Oaxaca emanaron del mismo partidoy ser\u00edan ellos quienes cortar\u00edan el list\u00f3n inaugural de la obra.&nbsp;<\/p>\n\n\n\n<p>Y es que, si bien es cierto que uno y otro no fueron art\u00edfices del proyecto, s\u00ed&nbsp;fueron los que&nbsp;pusieron&nbsp;\u2014en el caso del Presidente\u2014&nbsp;el ah\u00ednco y los recursos para que la obra se concluyera. A pesar de que fue una promesa de campa\u00f1a de Alejandro Murat&nbsp;\u2014como aspirante a la gubernatura\u2014, los seis a\u00f1os de su mandato no fueron suficientes para que la obra se concluyera.&nbsp;<\/p>\n\n\n\n<p>Por eso, si bien la presencia de Murat caus\u00f3 sorpresa, esto tambi\u00e9n parec\u00eda algo posible por haber sido un aliado incondicional de L\u00f3pez Obrador durante el tiempo que coincidieron como gobernantes, y al haber una idea t\u00e1cita de que ambos pactaron la segunda transici\u00f3n gubernamental en Oaxaca, del PRI a Morena, a cambio de la permanencia de Murat en el escenario nacional. En&nbsp;Yogana, en la ceremonia alusiva a la autopista, parece que el acuerdo se termin\u00f3 de refrendar.&nbsp;<\/p>\n\n\n\n<p>Sin embargo, el cumplimiento del acuerdo con el presidente L\u00f3pez Obrador&nbsp;\u2014que no se sabe si ser\u00e1 un espacio en la c\u00e1mara alta o en el gabinete federal, si Claudia Sheinbaum gana la Presidencia\u2014, no significa que todo est\u00e9 a favor del oaxaque\u00f1o\/mexiquense Murat Hinojosa. \u00bfPor qu\u00e9? Porque al menos en el refrendo de su acuerdo, L\u00f3pez Obrador hizo morder el polvo a Murat al demostrarle lo que vale en Oaxaca. \u00bfDe qu\u00e9 hablamos?&nbsp;<\/p>\n\n\n\n<p>De que a la ceremonia lleg\u00f3 Murat Hinojosa pr\u00e1cticamente solo, a menos de 15 meses de haber dejado la gubernatura. El exmandatario no fue arropado por nadie, ni gener\u00f3 una idea de gratitud&nbsp;por&nbsp;su presencia. Al ser nombrado parte de los invitados especiales, recibi\u00f3 una estruendosa rechifla que nadie intent\u00f3 equilibrar o detener. Fue el propio L\u00f3pez Obrador el que lo abraz\u00f3 y le levant\u00f3 la mano en se\u00f1al de amistad&nbsp;\u2014y del cumplimiento de los acuerdos, algo en lo que el Presidente ha sido particularmente congruente al margen de los costos pol\u00edticos que eso conlleve, con todos sus aliados\u2014; pero eso no le quit\u00f3 de encima la demostraci\u00f3n de que la presencia de Murat en Oaxaca es directamente proporcional a las aversiones&nbsp;y a la soledad&nbsp;que&nbsp;demuestra.<\/p>\n\n\n\n<p>\u00bfDe verdad Murat no previ\u00f3 que algo as\u00ed pasar\u00eda? \u00bfNadie le dijo que ser\u00eda abucheado por una multitud volcada a favor del Presidente y conducida&nbsp;\u2014o al menos llevada\u2014&nbsp;por el Gobernador Jara? \u00bfDe verdad Murat Hinojosa est\u00e1 tan solo,que no fue capaz de movilizar a algunos de sus incondicionales&nbsp;\u2014esos a los que tanto ayud\u00f3 y solap\u00f3 en los incontables actos de&nbsp;soberbia y&nbsp;corrupci\u00f3n en que incurrieron&nbsp;como servidores p\u00fablicos de su gobierno\u2014&nbsp;para&nbsp;tratar de no llegar a lo que fue un verdadero asalto en despoblado?&nbsp;<\/p>\n\n\n\n<p>Aunque le refrend\u00f3 el acuerdo pol\u00edtico, lo cierto es que en esa ceremonia el Presidente&nbsp;L\u00f3pez Obrador&nbsp;tambi\u00e9n le demostr\u00f3 a&nbsp;Alejandro&nbsp;Murat que eventualmente cumplir\u00e1, pero ya no porque el hijo sea un factor de gobernabilidad en la entidad oaxaque\u00f1a como en su tiempo lo fue su pap\u00e1, sino simplemente por el acuerdo que signaron en el pasado.<\/p>\n\n\n\n<p>C\u00d3MO CAMBIAN LOS TIEMPOS\u2026&nbsp;<\/p>\n\n\n\n<p>Jos\u00e9 Murat mantuvo sus espacios de poder en Oaxaca el tiempo suficiente para lograr sentar a su hijo en la silla de Gobernador. \u00bfC\u00f3mo lo hizo? Primero porque \u00e9l&nbsp;\u2014con todo y su personalidad bronca y arrebatada\u2014&nbsp;supo generar incondicionalidades que le han respondido incluso en medio de la ignominia. El viejo grupo&nbsp;muratista&nbsp;es tan s\u00f3lido que s\u00f3lo se pueden contar en su haber con dos o tres peque\u00f1as grietas que han seguido siendo solventadas por sus verdaderos&nbsp;seguidores.&nbsp;<\/p>\n\n\n\n<p>A ellos, los que le siguen respondiendo y atendiendo, los hizo todo y de todo en la administraci\u00f3n p\u00fablica estatal, y luego en el gobierno de Alejandro Murat les refrend\u00f3 su cercan\u00eda con el nombramiento de sus hijos como servidores p\u00fablicos. Por eso, en la administraci\u00f3n anterior vimos a una serie de personajes que llegaron al gobierno \u00fanicamente por el privilegio de tener un apellido. Y parece que ese fue el principio del fin de Alejandro Murat como mandatario ycomo exmandatario. \u00bfPor qu\u00e9?&nbsp;<\/p>\n\n\n\n<p>Porque Alejandro Murat trajo a su propio grupo de incondicionales, y dej\u00f3 libres los espacios que comprometi\u00f3 su pap\u00e1, pero prohijando desprecio a dichos d\u00e9bitos. Ah\u00ed se cre\u00f3 la divisi\u00f3n entre los llamados \u201cyopes\u201d y \u201cyuppies\u201d&nbsp;\u2014t\u00e9rmino acu\u00f1ado por nuestra apreciada colega&nbsp;periodista,&nbsp;Mar\u00eda de los \u00c1ngeles Niv\u00f3n Molano\u2014.&nbsp;<\/p>\n\n\n\n<p>Los primeros eran los oaxaque\u00f1os, y los segundos los \u201cimportados\u201d del Estado de M\u00e9xico. Eso gener\u00f3 una brecha insalvable, en la que los primeros aprovecharon los m\u00e1rgenes vac\u00edos para hacer y deshacer con los cotos que les&nbsp;encargaron; y los segundos hicieron algo m\u00e1s o menos similar,&nbsp;gracias a la amistad y simpat\u00eda que ya tra\u00edan con el Gobernador&nbsp;\u2014que, valga decirlo, no conoc\u00eda Oaxaca ni a la mayor\u00eda de los hijos de los amigos de su pap\u00e1, y que tampoco procur\u00f3 mucho orden administrativo.<\/p>\n\n\n\n<p>Ello explica por qu\u00e9 Alejandro Murat est\u00e1 solo: terminado el sexenio los mexiquenses&nbsp;volvieron a los lugares de donde los sac\u00f3 Murat cuando les vendi\u00f3 como&nbsp;jugosa&nbsp;la empresa del gobierno oaxaque\u00f1o; y los locales que contrat\u00f3 por los d\u00e9bitos patriarcales,&nbsp;tampoco quieren hoy que los ubiquen cerca del exmandatario, dados los problemas administrativos y\/o penales que enfrentan por su paso en el gobierno estatal. La mayor\u00eda de ellos consideran&nbsp;que,&nbsp;si el destino de Alejandro Aroche fue la c\u00e1rcel por publicar una imagen junto al&nbsp;exgobernador&nbsp;Murat Hinojosa, es mejor mantenerse alejados de los reflectores y de su presencia&nbsp;porque pueden correr el mismo destino.<\/p>\n\n\n\n<p>Nada de eso le habr\u00eda pasado en su tiempo, y en su circunstancia, a Jos\u00e9 Murat. A aquel no hubo un presidente que lo amedrentara ni supuestos amigos que lo traicionaran o repudiaran. Tan no fue as\u00ed&nbsp;que&nbsp;por eso,&nbsp;los doce a\u00f1os siguientes a su mandato Jos\u00e9 Murat continu\u00f3 ejerciendo el liderazgo de un grupo influyente de oaxaque\u00f1os, que incluso fue capaz de encumbrar a su v\u00e1stago. Es una historia que dif\u00edcilmente se repetir\u00e1 en Oaxaca.&nbsp;<\/p>\n\n\n\n<p>EPITAFIO&nbsp;<\/p>\n\n\n\n<p>Seg\u00fan sus seguidores, ma\u00f1ana mi\u00e9rcoles estallar\u00e1 la bomba en el PRI, con renuncias masivas. A muchos, dicen, Alejandro Avil\u00e9s les estuvo llamando personalmente para cobrarles los favores recibidos a cambio de que lo acompa\u00f1en en su adi\u00f3s al tricolor. Es tanta la incertidumbre, que dicen que entre sus propios compa\u00f1eros de bancada en la LXV Legislatura local hay quienes ya le dijeron que s\u00ed, pero no renunciar\u00e1n. \u00bfQu\u00e9 tal?&nbsp;<\/p>\n\n\n\n<p>*Abogado y periodista.<\/p>\n\n\n\n<p>@ortizromeroc<\/p>\n\n\n\n<p>@columnaalmargen<\/p>\n","protected":false},"excerpt":{"rendered":"<p>Adri\u00e1n Ortiz Romero Cuevas* Ning\u00fan Presidente de la Rep\u00fablica se habr\u00eda atrevido a hacerle a&hellip;<\/p>\n","protected":false},"author":2,"featured_media":41727,"comment_status":"closed","ping_status":"open","sticky":false,"template":"","format":"standard","meta":{"_lmt_disableupdate":"","_lmt_disable":"","_jetpack_memberships_contains_paid_content":false,"footnotes":""},"categories":[456,109],"tags":[2994],"class_list":["post-65064","post","type-post","status-publish","format-standard","has-post-thumbnail","hentry","category-columna","category-minuto-a-minuto","tag-adrian-ortiz-romero-cuevas"],"jetpack_featured_media_url":"https:\/\/zonaroja.com.mx\/wp-content\/uploads\/2022\/05\/268ff40f-0d29-460d-b639-fc8eebaa17a4.jpg","jetpack_sharing_enabled":true,"_links":{"self":[{"href":"https:\/\/zonaroja.com.mx\/index.php?rest_route=\/wp\/v2\/posts\/65064","targetHints":{"allow":["GET"]}}],"collection":[{"href":"https:\/\/zonaroja.com.mx\/index.php?rest_route=\/wp\/v2\/posts"}],"about":[{"href":"https:\/\/zonaroja.com.mx\/index.php?rest_route=\/wp\/v2\/types\/post"}],"author":[{"embeddable":true,"href":"https:\/\/zonaroja.com.mx\/index.php?rest_route=\/wp\/v2\/users\/2"}],"replies":[{"embeddable":true,"href":"https:\/\/zonaroja.com.mx\/index.php?rest_route=%2Fwp%2Fv2%2Fcomments&post=65064"}],"version-history":[{"count":1,"href":"https:\/\/zonaroja.com.mx\/index.php?rest_route=\/wp\/v2\/posts\/65064\/revisions"}],"predecessor-version":[{"id":65065,"href":"https:\/\/zonaroja.com.mx\/index.php?rest_route=\/wp\/v2\/posts\/65064\/revisions\/65065"}],"wp:featuredmedia":[{"embeddable":true,"href":"https:\/\/zonaroja.com.mx\/index.php?rest_route=\/wp\/v2\/media\/41727"}],"wp:attachment":[{"href":"https:\/\/zonaroja.com.mx\/index.php?rest_route=%2Fwp%2Fv2%2Fmedia&parent=65064"}],"wp:term":[{"taxonomy":"category","embeddable":true,"href":"https:\/\/zonaroja.com.mx\/index.php?rest_route=%2Fwp%2Fv2%2Fcategories&post=65064"},{"taxonomy":"post_tag","embeddable":true,"href":"https:\/\/zonaroja.com.mx\/index.php?rest_route=%2Fwp%2Fv2%2Ftags&post=65064"}],"curies":[{"name":"wp","href":"https:\/\/api.w.org\/{rel}","templated":true}]}}