{"id":65086,"date":"2024-02-08T08:10:53","date_gmt":"2024-02-08T14:10:53","guid":{"rendered":"http:\/\/www.zonaroja.com.mx\/?p=65086"},"modified":"2024-02-08T08:10:55","modified_gmt":"2024-02-08T14:10:55","slug":"vamos-por-7600-mensuales-de-mi-primera-chamba","status":"publish","type":"post","link":"https:\/\/zonaroja.com.mx\/?p=65086","title":{"rendered":"\u00a1Vamos por $7,600 mensuales de \u201cMi primera chamba\u201d!"},"content":{"rendered":"\n<p>Redacci\u00f3n\/Zona Roja.<\/p>\n\n\n\n<p>Oaxaca de Ju\u00e1rez, Oax., a 8 de febrero de 2024.- El gobierno de Oaxaca puso en marcha el programa \u201cMi primera chamba\u201d, mediante el cual egresados universitarios podr\u00e1 acceder a un pago de siete mil 600 pesos mensuales, por su contrataci\u00f3n en alguna empresa de la entidad.<\/p>\n\n\n\n<p>En un acto efectuado ayer en la Plaza de la Danza de la ciudad de Oaxaca, con la presencia de cientos de estudiantes, el gobernador Salom\u00f3n Jara Cruz dijo que este esquema cuenta con recursos por 400 millones de pesos, aprobados por el Congreso del Estado en el Presupuesto de Egresos 2024.<\/p>\n\n\n\n<p>En compa\u00f1\u00eda de la presidenta honoraria del Sistema para el Desarrollo Integral de la Familia (DIF) Oaxaca Irma Bola\u00f1os Quijano e integrantes de su gabinete, el mandatario refrend\u00f3 su compromiso con las y los j\u00f3venes, que son la generaci\u00f3n de la transformaci\u00f3n, y reiter\u00f3 que \u201cnunca m\u00e1s un Gobierno alejado de ese sector\u201d.<\/p>\n\n\n\n<p>Indic\u00f3 que \u201cMi primera chamba\u201d es un programa que permitir\u00e1 a quienes hayan egresado de universidades p\u00fablicas y privadas de Oaxaca, acceder a una experiencia transformadora, a partir de la entrega de un incentivo para la inclusi\u00f3n del talento humano.<\/p>\n\n\n\n<p>En busca de que puedan incorporarse al sector p\u00fablico o privado de manera inmediata, quienes participen en el programa recibir\u00e1n un ingreso de siete mil 600 pesos mensuales, con lo que podr\u00e1n poner en pr\u00e1ctica sus conocimientos y adquirir la experiencia necesaria para desarrollar al m\u00e1ximo su potencial.<\/p>\n\n\n\n<figure class=\"wp-block-image size-full\"><a href=\"http:\/\/www.zonaroja.com.mx\/wp-content\/uploads\/2024\/02\/Salomon-Jara-mi-priera-chamba.jpeg\" data-rel=\"penci-gallery-image-content\" ><img decoding=\"async\" width=\"1000\" height=\"667\" src=\"http:\/\/www.zonaroja.com.mx\/wp-content\/uploads\/2024\/02\/Salomon-Jara-mi-priera-chamba.jpeg\" alt=\"\" class=\"wp-image-65088\" srcset=\"https:\/\/zonaroja.com.mx\/wp-content\/uploads\/2024\/02\/Salomon-Jara-mi-priera-chamba.jpeg 1000w, https:\/\/zonaroja.com.mx\/wp-content\/uploads\/2024\/02\/Salomon-Jara-mi-priera-chamba-300x200.jpeg 300w, https:\/\/zonaroja.com.mx\/wp-content\/uploads\/2024\/02\/Salomon-Jara-mi-priera-chamba-768x512.jpeg 768w, https:\/\/zonaroja.com.mx\/wp-content\/uploads\/2024\/02\/Salomon-Jara-mi-priera-chamba-585x390.jpeg 585w, https:\/\/zonaroja.com.mx\/wp-content\/uploads\/2024\/02\/Salomon-Jara-mi-priera-chamba-263x175.jpeg 263w\" sizes=\"(max-width: 1000px) 100vw, 1000px\" \/><\/a><\/figure>\n\n\n\n<p>\u201cHoy m\u00e1s que nunca refrendamos nuestro compromiso con las juventudes, y en los pr\u00f3ximos d\u00edas anunciaremos, adem\u00e1s, la Tarjeta Joven, que va a beneficiar a otro sector similar de la poblaci\u00f3n, a fin de acercarlo a la lectura, al desarrollo y a su manutenci\u00f3n\u201d, adelant\u00f3, y enfatiz\u00f3 que \u201cMi primera chamba\u201d es el comienzo de un proceso de desarrollo y de bienestar para Oaxaca.<\/p>\n\n\n\n<p>La estrategia est\u00e1 dirigida a quienes egresan anualmente de las universidades del estado, que podr\u00e1n incorporarse a instituciones p\u00fablicas que deseen brindar espacios para estancias productivas, as\u00ed como con personas f\u00edsicas o morales.<\/p>\n\n\n\n<p>El sector p\u00fablico y privado tambi\u00e9n ser\u00e1 beneficiado con el programa, pues podr\u00e1n cubrir sus vacantes y generar econom\u00edas para seguir fortaleciendo su crecimiento.<\/p>\n\n\n\n<p>Los y las j\u00f3venes interesadas deber\u00e1n participar en la convocatoria que ser\u00e1 emitida el 12 de febrero y para la cual se abrir\u00e1 la plataforma www.miprimerachamba.oaxaca.gob.mx a partir del 15 de febrero y culminar\u00e1 el 29 de febrero, para posteriormente reabrirse la primera semana de junio de 2024.<\/p>\n\n\n\n<p>Entre los requisitos se encuentran: vivir en Oaxaca, tener nacionalidad mexicana, no contar con experiencia profesional af\u00edn al perfil de su licenciatura y no encontrarse laborando al momento de realizar la instancia productiva, firmar una carta compromiso y constancia de culminaci\u00f3n de estudios, por mencionar algunos. &nbsp;<\/p>\n","protected":false},"excerpt":{"rendered":"<p>Redacci\u00f3n\/Zona Roja. Oaxaca de Ju\u00e1rez, Oax., a 8 de febrero de 2024.- El gobierno de&hellip;<\/p>\n","protected":false},"author":2,"featured_media":65089,"comment_status":"closed","ping_status":"open","sticky":false,"template":"","format":"standard","meta":{"_lmt_disableupdate":"","_lmt_disable":"","_jetpack_memberships_contains_paid_content":false,"footnotes":""},"categories":[109,46],"tags":[939],"class_list":["post-65086","post","type-post","status-publish","format-standard","has-post-thumbnail","hentry","category-minuto-a-minuto","category-zona-blanca","tag-salomon-jara-cruz"],"jetpack_featured_media_url":"https:\/\/zonaroja.com.mx\/wp-content\/uploads\/2024\/02\/Mi-primera-chamba-Oaxaca.jpeg","jetpack_sharing_enabled":true,"_links":{"self":[{"href":"https:\/\/zonaroja.com.mx\/index.php?rest_route=\/wp\/v2\/posts\/65086","targetHints":{"allow":["GET"]}}],"collection":[{"href":"https:\/\/zonaroja.com.mx\/index.php?rest_route=\/wp\/v2\/posts"}],"about":[{"href":"https:\/\/zonaroja.com.mx\/index.php?rest_route=\/wp\/v2\/types\/post"}],"author":[{"embeddable":true,"href":"https:\/\/zonaroja.com.mx\/index.php?rest_route=\/wp\/v2\/users\/2"}],"replies":[{"embeddable":true,"href":"https:\/\/zonaroja.com.mx\/index.php?rest_route=%2Fwp%2Fv2%2Fcomments&post=65086"}],"version-history":[{"count":1,"href":"https:\/\/zonaroja.com.mx\/index.php?rest_route=\/wp\/v2\/posts\/65086\/revisions"}],"predecessor-version":[{"id":65090,"href":"https:\/\/zonaroja.com.mx\/index.php?rest_route=\/wp\/v2\/posts\/65086\/revisions\/65090"}],"wp:featuredmedia":[{"embeddable":true,"href":"https:\/\/zonaroja.com.mx\/index.php?rest_route=\/wp\/v2\/media\/65089"}],"wp:attachment":[{"href":"https:\/\/zonaroja.com.mx\/index.php?rest_route=%2Fwp%2Fv2%2Fmedia&parent=65086"}],"wp:term":[{"taxonomy":"category","embeddable":true,"href":"https:\/\/zonaroja.com.mx\/index.php?rest_route=%2Fwp%2Fv2%2Fcategories&post=65086"},{"taxonomy":"post_tag","embeddable":true,"href":"https:\/\/zonaroja.com.mx\/index.php?rest_route=%2Fwp%2Fv2%2Ftags&post=65086"}],"curies":[{"name":"wp","href":"https:\/\/api.w.org\/{rel}","templated":true}]}}