{"id":65091,"date":"2024-02-08T08:12:12","date_gmt":"2024-02-08T14:12:12","guid":{"rendered":"http:\/\/www.zonaroja.com.mx\/?p=65091"},"modified":"2024-02-08T08:12:14","modified_gmt":"2024-02-08T14:12:14","slug":"y-las-porras-y-las-bandas-de-musica-regresaron-al-pri-oaxaqueno","status":"publish","type":"post","link":"https:\/\/zonaroja.com.mx\/?p=65091","title":{"rendered":"Y las porras y las bandas de m\u00fasica regresaron al PRI oaxaque\u00f1o"},"content":{"rendered":"\n<p>Ismael Garc\u00eda M.\/Zona Roja. Foto: Especial.<\/p>\n\n\n\n<p>Oaxaca de Ju\u00e1rez, Oax., a 8 de febrero de 2024.- \u00a1No que no, s\u00ed que s\u00ed, el PRI ya est\u00e1 aqu\u00ed!<\/p>\n\n\n\n<p>Por unas horas, la sede del Revolucionario Institucional en Oaxaca vivi\u00f3 sus \u00e9pocas de gloria.<\/p>\n\n\n\n<p>Bandas de m\u00fasica, porras, marmotas, discursos y algarab\u00eda, en la casona de Santa Rosa Panzacola, abandonada meses atr\u00e1s.<\/p>\n\n\n\n<p>El motivo: el registro de aspirantes a candidatos a presidencias municipales, en 153 ayuntamientos que se rigen por partidos pol\u00edticos.<\/p>\n\n\n\n<p>Caras viejas, caras nuevas; mismo ruido para algunos; solitarios otros.<\/p>\n\n\n\n<p>\u00a1Mart\u00edn! \u00a1Mart\u00edn! \u00a1Mart\u00edn! El grito para Mart\u00edn V\u00e1squez Villanueva, que tuvo que esperar m\u00e1s de una hora su turno para inscribir su precandidatura por Oaxaca de Ju\u00e1rez.<\/p>\n\n\n\n<p>\u00a1Freddy! \u00a1Freddy! \u00a1Freddy!, los gritos tambi\u00e9n para el a\u00fan diputado local, ex edil de San Pedro Mixtepec y de su natal Santos Reyes Nopala; ahora quiere gobernar Santa Cruz Xoxocotl\u00e1n.<\/p>\n\n\n\n<p>Caras tristes tambi\u00e9n, a falta de apoyos. Pero todos con las mismas ilusiones: vencer al aparato morenista para recuperar los ayuntamientos.<\/p>\n\n\n\n<p>Fue al mediod\u00eda en que se aglomeraron los aspirantes; de Valles, del Istmo, de la Costa, de la Cuenca; de la mayor\u00eda de las regiones llegaron. Algunos s\u00f3lo con su familia, otros con un reducido grupo de seguidores.<\/p>\n\n\n\n<p>Justo a las 12:00 le toc\u00f3 a Freddy Gil inscribirse para querer gobernar uno de los municipios m\u00e1s grandes del estado, conurbado a la capital. Eterno priista, ex porro universitario, ahora dice que desde hace a\u00f1os vive en Xoxocotl\u00e1n; no obstante, su mayor actividad pol\u00edtica ha sido en la Costa.<\/p>\n\n\n\n<p>Una banda de m\u00fasica la puso la dirigencia estatal del PRI, ausente este mi\u00e9rcoles, pues el registro lo presidi\u00f3 la comisi\u00f3n de procesos internos, que encabeza Delfina Prieto Desgarenes.<\/p>\n\n\n\n<p>Citado al mediod\u00eda, Mart\u00edn V\u00e1squez por fin pudo entregar sus documentos.<\/p>\n\n\n\n<p>\u00a1A la bio, a la bao, a la bim bom ban! \u00a1Mart\u00edn, Mart\u00edn, ra ra ra!, las porras con la respectiva \u201cDiana\u201d.<\/p>\n\n\n\n<p>Tras ello, siempre de la mano de su esposa Nadia Henestrosa, tom\u00f3 el micr\u00f3fono:<\/p>\n\n\n\n<p>\u201cEspero y no tengo ninguna duda que mi partido me tomar\u00e1 en cuenta para ser su candidato a la presidencia municipal de esta ciudad, la m\u00e1s bella del mundo, Oaxaca de Ju\u00e1rez\u201d.<\/p>\n\n\n\n<p>\u00a1Que viva Mart\u00edn! \u00a1Se ve, se siente, Mart\u00edn est\u00e1 presente!, los gritos que interrump\u00edan.<\/p>\n\n\n\n<p>\u201cQue cubra la ciudad de Oaxaca este mensaje de aliento y esperanza para la ciudad de Oaxaca. Hay que ver todos los d\u00edas lo que se vive, para que hagamos como ciudadanos un diagn\u00f3stico m\u00e9dico. \u00a1Oaxaca est\u00e1 enferma, tiene un padecimiento cr\u00f3nico\u00a1 \u00a1Oaxaca necesita un tratamiento urgente!, porque de otra manera se nos va a colapsar\u201d.<\/p>\n\n\n\n<p>El discurso de 10 minutos encendi\u00f3 a los colonos asistentes, que remataron con m\u00e1s porras.&nbsp;<\/p>\n\n\n\n<p>De reojo, acompa\u00f1ada de su familia, Claudia Silva Fern\u00e1ndez, que tambi\u00e9n se inscribi\u00f3 como candidata para dirigir la capital. Afuera, solitario, esperaba Hugo Jarqu\u00edn, ex priista ex perredista, ex morenista y ahora de nuevo priista.&nbsp;<\/p>\n\n\n\n<p>Con la tarde lleg\u00f3 la calma y se apag\u00f3 la m\u00fasica. Por un d\u00eda, el PRI oaxaque\u00f1o revivi\u00f3 sus d\u00edas de gloria.<\/p>\n","protected":false},"excerpt":{"rendered":"<p>Ismael Garc\u00eda M.\/Zona Roja. Foto: Especial. Oaxaca de Ju\u00e1rez, Oax., a 8 de febrero de&hellip;<\/p>\n","protected":false},"author":2,"featured_media":65087,"comment_status":"closed","ping_status":"open","sticky":false,"template":"","format":"standard","meta":{"_lmt_disableupdate":"","_lmt_disable":"","_jetpack_memberships_contains_paid_content":false,"footnotes":""},"categories":[109,47],"tags":[1582],"class_list":["post-65091","post","type-post","status-publish","format-standard","has-post-thumbnail","hentry","category-minuto-a-minuto","category-zona-gris","tag-martin-vasquez-villanueva"],"jetpack_featured_media_url":"https:\/\/zonaroja.com.mx\/wp-content\/uploads\/2024\/02\/Martin-Vasquez-PRI.jpeg","jetpack_sharing_enabled":true,"_links":{"self":[{"href":"https:\/\/zonaroja.com.mx\/index.php?rest_route=\/wp\/v2\/posts\/65091","targetHints":{"allow":["GET"]}}],"collection":[{"href":"https:\/\/zonaroja.com.mx\/index.php?rest_route=\/wp\/v2\/posts"}],"about":[{"href":"https:\/\/zonaroja.com.mx\/index.php?rest_route=\/wp\/v2\/types\/post"}],"author":[{"embeddable":true,"href":"https:\/\/zonaroja.com.mx\/index.php?rest_route=\/wp\/v2\/users\/2"}],"replies":[{"embeddable":true,"href":"https:\/\/zonaroja.com.mx\/index.php?rest_route=%2Fwp%2Fv2%2Fcomments&post=65091"}],"version-history":[{"count":1,"href":"https:\/\/zonaroja.com.mx\/index.php?rest_route=\/wp\/v2\/posts\/65091\/revisions"}],"predecessor-version":[{"id":65092,"href":"https:\/\/zonaroja.com.mx\/index.php?rest_route=\/wp\/v2\/posts\/65091\/revisions\/65092"}],"wp:featuredmedia":[{"embeddable":true,"href":"https:\/\/zonaroja.com.mx\/index.php?rest_route=\/wp\/v2\/media\/65087"}],"wp:attachment":[{"href":"https:\/\/zonaroja.com.mx\/index.php?rest_route=%2Fwp%2Fv2%2Fmedia&parent=65091"}],"wp:term":[{"taxonomy":"category","embeddable":true,"href":"https:\/\/zonaroja.com.mx\/index.php?rest_route=%2Fwp%2Fv2%2Fcategories&post=65091"},{"taxonomy":"post_tag","embeddable":true,"href":"https:\/\/zonaroja.com.mx\/index.php?rest_route=%2Fwp%2Fv2%2Ftags&post=65091"}],"curies":[{"name":"wp","href":"https:\/\/api.w.org\/{rel}","templated":true}]}}