{"id":65095,"date":"2024-02-08T11:25:00","date_gmt":"2024-02-08T17:25:00","guid":{"rendered":"http:\/\/www.zonaroja.com.mx\/?p=65095"},"modified":"2024-02-08T08:36:50","modified_gmt":"2024-02-08T14:36:50","slug":"el-tren-maya-deja-mas-danos-al-medio-ambiente","status":"publish","type":"post","link":"https:\/\/zonaroja.com.mx\/?p=65095","title":{"rendered":"El Tren Maya deja m\u00e1s da\u00f1os al medio ambiente"},"content":{"rendered":"\n<p>Redacci\u00f3n\/Zona Roja Cdmx.<\/p>\n\n\n\n<p>Ciudad de M\u00e9xico, a 8 de febrero de 2024.- Medioambientalistas que han seguido de cerca la construcci\u00f3n de los \u00faltimos tramos del Tren Maya, en menos de un mes que queda de obra antes de la inauguraci\u00f3n de la ruta completa, han encontrado actividades que impactan de manera negativa al ambiente.<\/p>\n\n\n\n<p>La \u00faltima, denunciada por el movimiento SOS Cenotes y S\u00e9lvame del Tren, muestra c\u00f3mo un \u201cr\u00edo\u201d de cemento inunda un sistema de cuevas subterr\u00e1neo.<\/p>\n\n\n\n<p>A trav\u00e9s de videos de redes sociales de Pepe Urbina y Roberto Padilla, se puede ver el material vertido en el sistema Garra del jaguar, descubierto apenas en 2012 y en donde hay pozas formadas por filtraci\u00f3n de agua desde el suelo de la selva y en el que abundan especies end\u00e9micas, as\u00ed como f\u00f3siles.<\/p>\n\n\n\n<p>\u201cEl trazo del tren maya pr\u00e1cticamente parte en dos el sistema de cuevas guerra de jaguar y actualmente est\u00e1 generando mucho impacto dentro del mismo, adem\u00e1s de fragmentar los corredores biol\u00f3gicos de especies importantes como el jaguar, ya se comienza la contaminaci\u00f3n del acu\u00edfero\u201d, dice Urbina.<\/p>\n\n\n\n<p>No es la primera vez que se advierte el da\u00f1o a este ecosistema subterr\u00e1neo. En 2022, un juzgado de Distrito con sede en Yucat\u00e1n, otorg\u00f3 una suspensi\u00f3n definitiva a las obras del Tramo 5 sur del Tren Maya, que impactaban la cueva, pero en 2023 y 2024 la construcci\u00f3n continu\u00f3.<\/p>\n\n\n\n<p>Esta es la segunda denuncia en menos de un mes. El 21 de enero, las asociaciones mostraron im\u00e1genes de perforaciones al sistema de cuevas Aktun T\u2019uyul para poner pilotes de acero y concreto , que al no estar recubiertos, en el futuro se corroer\u00e1n y contaminar\u00e1n el acu\u00edfero.<\/p>\n\n\n\n<p>(Informaci\u00f3n de \u201cExpansi\u00f3n Pol\u00edtica\u201d)<\/p>\n","protected":false},"excerpt":{"rendered":"<p>Redacci\u00f3n\/Zona Roja Cdmx. Ciudad de M\u00e9xico, a 8 de febrero de 2024.- Medioambientalistas que han&hellip;<\/p>\n","protected":false},"author":2,"featured_media":65096,"comment_status":"closed","ping_status":"open","sticky":false,"template":"","format":"standard","meta":{"_lmt_disableupdate":"","_lmt_disable":"","_jetpack_memberships_contains_paid_content":false,"footnotes":""},"categories":[109,47],"tags":[1730],"class_list":["post-65095","post","type-post","status-publish","format-standard","has-post-thumbnail","hentry","category-minuto-a-minuto","category-zona-gris","tag-tren-maya"],"jetpack_featured_media_url":"https:\/\/zonaroja.com.mx\/wp-content\/uploads\/2024\/02\/Cenotes-Tren-Maya.jpeg","jetpack_sharing_enabled":true,"_links":{"self":[{"href":"https:\/\/zonaroja.com.mx\/index.php?rest_route=\/wp\/v2\/posts\/65095","targetHints":{"allow":["GET"]}}],"collection":[{"href":"https:\/\/zonaroja.com.mx\/index.php?rest_route=\/wp\/v2\/posts"}],"about":[{"href":"https:\/\/zonaroja.com.mx\/index.php?rest_route=\/wp\/v2\/types\/post"}],"author":[{"embeddable":true,"href":"https:\/\/zonaroja.com.mx\/index.php?rest_route=\/wp\/v2\/users\/2"}],"replies":[{"embeddable":true,"href":"https:\/\/zonaroja.com.mx\/index.php?rest_route=%2Fwp%2Fv2%2Fcomments&post=65095"}],"version-history":[{"count":1,"href":"https:\/\/zonaroja.com.mx\/index.php?rest_route=\/wp\/v2\/posts\/65095\/revisions"}],"predecessor-version":[{"id":65097,"href":"https:\/\/zonaroja.com.mx\/index.php?rest_route=\/wp\/v2\/posts\/65095\/revisions\/65097"}],"wp:featuredmedia":[{"embeddable":true,"href":"https:\/\/zonaroja.com.mx\/index.php?rest_route=\/wp\/v2\/media\/65096"}],"wp:attachment":[{"href":"https:\/\/zonaroja.com.mx\/index.php?rest_route=%2Fwp%2Fv2%2Fmedia&parent=65095"}],"wp:term":[{"taxonomy":"category","embeddable":true,"href":"https:\/\/zonaroja.com.mx\/index.php?rest_route=%2Fwp%2Fv2%2Fcategories&post=65095"},{"taxonomy":"post_tag","embeddable":true,"href":"https:\/\/zonaroja.com.mx\/index.php?rest_route=%2Fwp%2Fv2%2Ftags&post=65095"}],"curies":[{"name":"wp","href":"https:\/\/api.w.org\/{rel}","templated":true}]}}