{"id":65098,"date":"2024-02-08T13:40:00","date_gmt":"2024-02-08T19:40:00","guid":{"rendered":"http:\/\/www.zonaroja.com.mx\/?p=65098"},"modified":"2024-02-08T08:41:38","modified_gmt":"2024-02-08T14:41:38","slug":"opinion-gentrificacion-es-corrupcion","status":"publish","type":"post","link":"https:\/\/zonaroja.com.mx\/?p=65098","title":{"rendered":"Opini\u00f3n. Gentrificaci\u00f3n es corrupci\u00f3n"},"content":{"rendered":"\n<p>N\u00e9stor Y. S\u00e1nchez Islas<\/p>\n\n\n\n<p>El desplazamiento de los originales habitantes de algunos de los barrios tradicionales de Oaxaca no inici\u00f3 ayer. El proceso lleva a\u00f1os de evoluci\u00f3n y, ciertamente, \u00e9ste se ha agudizado. No es un proceso privativo de Oaxaca, es un fen\u00f3meno mundial. La palabra \u201cgentrificaci\u00f3n\u201d fue inventada en Londres en el siglo pasado para describir los mismo que ahora sucede aqu\u00ed.<\/p>\n\n\n\n<p>El tema no es nuevo en este espacio ni en muchos otros medios locales. Lo que es nuevo es que empieza a hacerse realidad lo que aqu\u00ed se advirti\u00f3: la gentrificaci\u00f3n provoca tensiones sociales que pueden derivar en conflictos.<\/p>\n\n\n\n<p>La violenta marcha de hace unos d\u00edas, que parece que fue m\u00e1s xen\u00f3foba que de protesta contra este fen\u00f3meno, es un ejemplo de conflicto. Aunque esa marcha hay que situarla en su contexto porque fue realizada por grupos mercenarios que igual protestan contra Israel que contra la&nbsp;gentrificaci\u00f3n. Su finalidad fue pol\u00edtica, inmersa&nbsp;en el proceso de sucesi\u00f3n por la presidencia municipal&nbsp;que provoca que entre los contendientes del Morena se est\u00e9n dando hasta con la cubeta. Vergonzoso espect\u00e1culo de canibalismo pol\u00edtico, pero muy ad hoc con&nbsp;el&nbsp;primitivismo de los suspirantes;&nbsp;las consecuencias de sus odios las paga la ciudad y la gente que sufri\u00f3 destrozos.<\/p>\n\n\n\n<p>Las verdaderas expresiones de inconformidad est\u00e1n al avista de todos y&nbsp;esa marcha no representa nada. Por todo el barrio de Xochimilco&nbsp;cuelgan&nbsp;lonas&nbsp;de los propios habitantes&nbsp;que protestan contra&nbsp;uno&nbsp;de los efectos nocivos de la gentrificaci\u00f3n&nbsp;y&nbsp;la turistizaci\u00f3n de la econom\u00eda de la ciudad capital. Cada d\u00eda aparecen m\u00e1s terrazas, bares y salones de fiesta, algunos de ellos son propiedad de gente en el poder&nbsp;o&nbsp;familiar de alguien de ellos, que&nbsp;por intereses inmobiliarios&nbsp;destrozan la armon\u00eda barrial.<\/p>\n\n\n\n<p>El proceso de gentrificaci\u00f3n&nbsp;no puede detenerse por decreto, lo que requiere es de una fuerte regulaci\u00f3n en el uso de suelo. Sin embargo, la realidad nos dice que M\u00e9xico es un pa\u00eds muy corrupto y&nbsp;Oaxaca se encuentra entre los estados m\u00e1s corruptos del pa\u00eds. El ayuntamiento local es un hoyo negro de ineficiencia, burocracia, indiferencia y prepotencia. Es un hecho que esta administraci\u00f3n y la anterior, han sido las peores en la historia de nuestra capital&nbsp;y que no har\u00e1 nada por regular esta situaci\u00f3n.<\/p>\n\n\n\n<p>Este fen\u00f3meno&nbsp;produce otros m\u00e1s. La convivencia con extranjeros&nbsp;provoca&nbsp;un intercambio cultural. Su influencia se nota&nbsp;en, por ejemplo, los men\u00fas de cafeter\u00edas y restaurantes que solo est\u00e1n en ingl\u00e9s, en la modificaci\u00f3n de conductas y tradiciones en las que los extranjeros participan&nbsp;o&nbsp;en el arte urbano que se expresa en los muros de la ciudad.&nbsp;Tambi\u00e9n traen vicios como la pederastia y el turismo sexual, drogas, alcohol&nbsp;o carest\u00eda.<\/p>\n\n\n\n<p>Un de las quejas de la marcha&nbsp;anti-gentrificaci\u00f3n&nbsp;fue&nbsp;la subida de precios.&nbsp;Es cierto, la turistizaci\u00f3n de Oaxaca provoca un aumento de precios&nbsp;en todos los servicios, como lo son el trasporte local y for\u00e1neo. Las tarifas que el monopolio del ADO nos&nbsp;aplica&nbsp;las justifica la empresa por ser Oaxaca un destino tur\u00edstico. As\u00ed las l\u00edneas a\u00e9reas o los simples taxistas.&nbsp;La molestia de los oaxaque\u00f1os se justifica porque los beneficios del turismo se reparten en unas pocas manos, pero el costo lo pagamos todos, aunque nada tengamos que ver con los servicios al turismo.<\/p>\n\n\n\n<p>La especulaci\u00f3n con los bienes inmuebles es otra grave consecuencia. Los costos de las propiedades y de las rentas se comparan con las de ciudades con mucha mayor actividad econ\u00f3mica que la nuestra.&nbsp;En lugar de despresurizar la zona del centro de la ciudad&nbsp;y promover que el turismo visite otros lugares, el gobierno se esmera en concentrarlo&nbsp;en esa peque\u00f1a burbuja que forman las calles tur\u00edsticas de la capital, zona&nbsp;que,&nbsp;ante la ineficiencia del ayuntamiento,&nbsp;est\u00e1 en p\u00e9simas condiciones.<\/p>\n\n\n\n<p>El problema social ya existe y los \u00fanicos que no lo ven son&nbsp;los del gobierno. Ahora corremos el riesgo de que la gentrificaci\u00f3n sea tomada como bandera de&nbsp;estos grupos de mercenarios que ser\u00e1n capaces de demoler la econom\u00eda local&nbsp;con tal de satisfacer los deseos del pol\u00edtico&nbsp;del&nbsp;que los contrate. No olvidemos que la APPO&nbsp;es un ejemplo de ello, fue un grupo mercenario que se vendi\u00f3 al magisterio para darle un cariz popular a una asonada sindical. Los que pagamos el costo fuimos nosotros.<\/p>\n\n\n\n<p>CERRA LOS ATRIOS.<\/p>\n\n\n\n<p>Las tendencias urban\u00edsticas van cambiando. Se pens\u00f3 que integrar los atrios de las iglesias con&nbsp;las calles era buena idea. Se quitaron las rejas y no se imaginaron las consecuencias&nbsp;30 a\u00f1os despu\u00e9s. Hoy la&nbsp;Catedral o Santo Domingo son ejemplo de que&nbsp;el cambio no ayud\u00f3. Esos edificios hist\u00f3ricos y otros m\u00e1s, como San Felipe Neri, sufren el embate de&nbsp;payasos,&nbsp;v\u00e1ndalos, borrachos&nbsp;o pol\u00edticos en campa\u00f1a.&nbsp;Adem\u00e1s de ser un patrimonio arquitect\u00f3nico tambi\u00e9n son centros religiosos&nbsp;y se debe respetar tanto a los lugares como a las personas que profesan sus creencias. Es necesario devolver la dignidad&nbsp;y&nbsp;el&nbsp;respeto&nbsp;a&nbsp;esos espacios.<\/p>\n\n\n\n<p>nestoryuri@yahoo.com<\/p>\n","protected":false},"excerpt":{"rendered":"<p>N\u00e9stor Y. S\u00e1nchez Islas El desplazamiento de los originales habitantes de algunos de los barrios&hellip;<\/p>\n","protected":false},"author":2,"featured_media":41861,"comment_status":"closed","ping_status":"open","sticky":false,"template":"","format":"standard","meta":{"_lmt_disableupdate":"","_lmt_disable":"","_jetpack_memberships_contains_paid_content":false,"footnotes":""},"categories":[456,109],"tags":[3050],"class_list":["post-65098","post","type-post","status-publish","format-standard","has-post-thumbnail","hentry","category-columna","category-minuto-a-minuto","tag-nestor-yuri-sanchez"],"jetpack_featured_media_url":"https:\/\/zonaroja.com.mx\/wp-content\/uploads\/2022\/05\/Opinion-Nestor-Yuri-Sanchez-Islas.jpg","jetpack_sharing_enabled":true,"_links":{"self":[{"href":"https:\/\/zonaroja.com.mx\/index.php?rest_route=\/wp\/v2\/posts\/65098","targetHints":{"allow":["GET"]}}],"collection":[{"href":"https:\/\/zonaroja.com.mx\/index.php?rest_route=\/wp\/v2\/posts"}],"about":[{"href":"https:\/\/zonaroja.com.mx\/index.php?rest_route=\/wp\/v2\/types\/post"}],"author":[{"embeddable":true,"href":"https:\/\/zonaroja.com.mx\/index.php?rest_route=\/wp\/v2\/users\/2"}],"replies":[{"embeddable":true,"href":"https:\/\/zonaroja.com.mx\/index.php?rest_route=%2Fwp%2Fv2%2Fcomments&post=65098"}],"version-history":[{"count":1,"href":"https:\/\/zonaroja.com.mx\/index.php?rest_route=\/wp\/v2\/posts\/65098\/revisions"}],"predecessor-version":[{"id":65099,"href":"https:\/\/zonaroja.com.mx\/index.php?rest_route=\/wp\/v2\/posts\/65098\/revisions\/65099"}],"wp:featuredmedia":[{"embeddable":true,"href":"https:\/\/zonaroja.com.mx\/index.php?rest_route=\/wp\/v2\/media\/41861"}],"wp:attachment":[{"href":"https:\/\/zonaroja.com.mx\/index.php?rest_route=%2Fwp%2Fv2%2Fmedia&parent=65098"}],"wp:term":[{"taxonomy":"category","embeddable":true,"href":"https:\/\/zonaroja.com.mx\/index.php?rest_route=%2Fwp%2Fv2%2Fcategories&post=65098"},{"taxonomy":"post_tag","embeddable":true,"href":"https:\/\/zonaroja.com.mx\/index.php?rest_route=%2Fwp%2Fv2%2Ftags&post=65098"}],"curies":[{"name":"wp","href":"https:\/\/api.w.org\/{rel}","templated":true}]}}