{"id":65103,"date":"2024-02-08T13:45:00","date_gmt":"2024-02-08T19:45:00","guid":{"rendered":"http:\/\/www.zonaroja.com.mx\/?p=65103"},"modified":"2024-02-08T08:52:08","modified_gmt":"2024-02-08T14:52:08","slug":"suma-esfuerzos-el-colectivo-501-oaxaca-con-el-imss","status":"publish","type":"post","link":"https:\/\/zonaroja.com.mx\/?p=65103","title":{"rendered":"Suma esfuerzos el colectivo 50+1 Oaxaca con el IMSS\u00a0"},"content":{"rendered":"\n<p>Redacci\u00f3n\/Zona Roja.<\/p>\n\n\n\n<p>Oaxaca de Ju\u00e1rez, Oax., 8 de febrero de 2024.- Integrantes del Colectivo 50+1 Cap\u00edtulo Oaxaca sostuvieron una reuni\u00f3n de trabajo con personal de la delegaci\u00f3n del Instituto Mexicano del Seguro Social (IMSS Oaxaca), para establecer una alianza estrat\u00e9gica con la finalidad de difundir el Programa de Incorporaci\u00f3n de Personas Trabajadoras del Hogar.<\/p>\n\n\n\n<p>En este encuentro, donde estuvo presente Manuel Alejandro Sig\u00fcenza y la doctora Elizabeth Mart\u00ednez, de la Subdelegaci\u00f3n del IMSS, las integrantes del Colectivo 50+1 Cap\u00edtulo Oaxaca se\u00f1alaron que los alcances de esta sinergia tienen como objetivo sumar a las l\u00edderes de 50+1 como aliadas estrat\u00e9gicas para impulsar que un mayor n\u00famero de oaxaque\u00f1as, sobre todo las m\u00e1s vulnerables puedan acceder al programa de salud y vivienda.<\/p>\n\n\n\n<p>Asimismo, agradecieron el inter\u00e9s del IMSS Oaxaca por sumar al Colectivo 50+1 como aliadas estrat\u00e9gicas para difundir este programa de Incorporaci\u00f3n de Personas Trabajadoras del Hogar, debido a que es un tema de justicia social a favor de las empleadas dom\u00e9sticas y por lo tanto es una causa que requiere la uni\u00f3n de las oaxaque\u00f1as.<\/p>\n\n\n\n<p>De igual manera, afirmaron que en el colectivo 50+1 Oaxaca \u201cest\u00e1n comprometidas con mejorar las condiciones de vida de un mayor n\u00famero de oaxaque\u00f1as, integr\u00e1ndolas a este esquema\u201d.<\/p>\n\n\n\n<p>En este acto, estuvo presente la residenta del Colectivo 50+1 Oaxaca, Mariana Ben\u00edtez Tiburcio, Laura Barranco, Presidenta de la Confederaci\u00f3n Patronal de la Rep\u00fablica Mexicana (Coparmex Oaxaca), Gualberta Rodr\u00edguez, Presidenta de la Asociaci\u00f3n de Hoteles y Moteles de Oaxaca (AMHMO), la cantante Geo Meneses, la periodista Guadalupe Thomas de Quadrat\u00edn Oaxaca, Aurora M\u00e9ndez, en representaci\u00f3n del colectivo Mujeres del Mezcal Cap\u00edtulo Oaxaca, Viridiana Manzano, presidenta de la Asociaci\u00f3n de Cerveceros de Oaxaca, as\u00ed como decenas de empresarias y destacadas l\u00edderes oaxaque\u00f1as.<\/p>\n","protected":false},"excerpt":{"rendered":"<p>Redacci\u00f3n\/Zona Roja. Oaxaca de Ju\u00e1rez, Oax., 8 de febrero de 2024.- Integrantes del Colectivo 50+1&hellip;<\/p>\n","protected":false},"author":2,"featured_media":65104,"comment_status":"closed","ping_status":"open","sticky":false,"template":"","format":"standard","meta":{"_lmt_disableupdate":"","_lmt_disable":"","_jetpack_memberships_contains_paid_content":false,"footnotes":""},"categories":[109,46],"tags":[2969],"class_list":["post-65103","post","type-post","status-publish","format-standard","has-post-thumbnail","hentry","category-minuto-a-minuto","category-zona-blanca","tag-mariana-benitez-tiburcio"],"jetpack_featured_media_url":"https:\/\/zonaroja.com.mx\/wp-content\/uploads\/2024\/02\/Mariaba-Benitez-50-mas-uno.jpg","jetpack_sharing_enabled":true,"_links":{"self":[{"href":"https:\/\/zonaroja.com.mx\/index.php?rest_route=\/wp\/v2\/posts\/65103","targetHints":{"allow":["GET"]}}],"collection":[{"href":"https:\/\/zonaroja.com.mx\/index.php?rest_route=\/wp\/v2\/posts"}],"about":[{"href":"https:\/\/zonaroja.com.mx\/index.php?rest_route=\/wp\/v2\/types\/post"}],"author":[{"embeddable":true,"href":"https:\/\/zonaroja.com.mx\/index.php?rest_route=\/wp\/v2\/users\/2"}],"replies":[{"embeddable":true,"href":"https:\/\/zonaroja.com.mx\/index.php?rest_route=%2Fwp%2Fv2%2Fcomments&post=65103"}],"version-history":[{"count":1,"href":"https:\/\/zonaroja.com.mx\/index.php?rest_route=\/wp\/v2\/posts\/65103\/revisions"}],"predecessor-version":[{"id":65105,"href":"https:\/\/zonaroja.com.mx\/index.php?rest_route=\/wp\/v2\/posts\/65103\/revisions\/65105"}],"wp:featuredmedia":[{"embeddable":true,"href":"https:\/\/zonaroja.com.mx\/index.php?rest_route=\/wp\/v2\/media\/65104"}],"wp:attachment":[{"href":"https:\/\/zonaroja.com.mx\/index.php?rest_route=%2Fwp%2Fv2%2Fmedia&parent=65103"}],"wp:term":[{"taxonomy":"category","embeddable":true,"href":"https:\/\/zonaroja.com.mx\/index.php?rest_route=%2Fwp%2Fv2%2Fcategories&post=65103"},{"taxonomy":"post_tag","embeddable":true,"href":"https:\/\/zonaroja.com.mx\/index.php?rest_route=%2Fwp%2Fv2%2Ftags&post=65103"}],"curies":[{"name":"wp","href":"https:\/\/api.w.org\/{rel}","templated":true}]}}