{"id":65119,"date":"2024-02-09T10:17:00","date_gmt":"2024-02-09T16:17:00","guid":{"rendered":"http:\/\/www.zonaroja.com.mx\/?p=65119"},"modified":"2024-02-09T07:23:07","modified_gmt":"2024-02-09T13:23:07","slug":"impune-director-del-monte-de-piedad-de-oaxaca-acusado-de-hostigamiento-sexual","status":"publish","type":"post","link":"https:\/\/zonaroja.com.mx\/?p=65119","title":{"rendered":"Impune, director del Monte de Piedad de Oaxaca, acusado de hostigamiento sexual"},"content":{"rendered":"\n<p>Yuridiana Sosa\/Zona Roja.<\/p>\n\n\n\n<p>Oaxaca de Ju\u00e1rez, Oax., 8 de febrero de 2024.- Tras sufrir violencia por parte de las mismas autoridades de la Fiscal\u00eda Especializada&nbsp; para la Atenci\u00f3n de Delitos por Violencia de G\u00e9nero, durante su proceso como v\u00edctima de hostigamiento sexual, Magda Liliana Altamirano Calder\u00f3n present\u00f3 las denuncias correspondientes.<\/p>\n\n\n\n<p>La ex funcionaria del Monte de Piedad, v\u00edctima de hostigamiento sexual de Omar \u201cN\u201d., director del&nbsp;Monte&nbsp;de&nbsp;Piedad, y del director Administrativo de esa instituci\u00f3n, Jos\u00e9 Manuel \u201cN\u201d., inici\u00f3 un nuevo proceso para cesar los casos de negligencia y violaciones a los derechos de las v\u00edctimas desde la propia instituci\u00f3n de procuraci\u00f3n de justicia.<\/p>\n\n\n\n<p>Apunt\u00f3 que como otras mujeres, tambi\u00e9n recibi\u00f3 malos tratos de los funcionarios de la Fiscal\u00eda para la Atenci\u00f3n de Delitos por Violencia de G\u00e9nero, lo que en muchos casos influye para que las v\u00edctimas no sigas sus procesos o en que no se investiguen de forma correcta al no darle la importancia a los casos.<\/p>\n\n\n\n<p>Altamirano Calder\u00f3n levant\u00f3 quejas 37(VIS.GRAL.)2024 &nbsp;contra los Ministerios P\u00fablicos, la Fiscal Especializada Margarita Corsi y la 42(VIS.GRAL.)2024 contra la psic\u00f3loga perito de dicha fiscal\u00eda, de las que se han enviado copia al fiscal General de Oaxaca, Bernardo Rodr\u00edguez Alamilla.<\/p>\n\n\n\n<p>Estas acciones, asegur\u00f3, es para que ninguna mujer vuelva a sufrir de los malos actos desde la Fiscal\u00eda que deber\u00eda velar por sus derechos y procurar la justicia.<\/p>\n\n\n\n<p>\u201cLas mujeres tienen miedo a alzar la voz\u2026 Que de algo sirva mi lucha para que las dem\u00e1s mujeres tengan un camino m\u00e1s f\u00e1cil\u201d, expres\u00f3 la joven que sigue en espera de la audiencia de su caso.<\/p>\n\n\n\n<p>A partir de la denuncia de las malas pr\u00e1cticas, dijo, se han registrado algunos cambios en la Fiscal\u00eda de la Mujer \u201cy eso me da gusto por las mujeres que tienen miedo de alzar la voz. Estas quejas las sustenta con pruebas de las malas actuaciones de los funcionarios\u201d.<\/p>\n\n\n\n<p>Magda Liliana Altamirano Calder\u00f3n, denunci\u00f3 a inicios de enero que la audiencia de vinculaci\u00f3n a proceso de su agresor que se realizar\u00eda el 4 de enero se pospuso al 18 de marzo al no existir las condiciones para que se llevara a cabo.<\/p>\n\n\n\n<p>El caso est\u00e1 asentado en la causa penal 1243\/2023, por el delito de hostigamiento sexual, intimidaci\u00f3n&nbsp; con agravante de amenazas, cohecho y coalici\u00f3n de ambos&nbsp; servidores p\u00fablicos.<\/p>\n","protected":false},"excerpt":{"rendered":"<p>Yuridiana Sosa\/Zona Roja. Oaxaca de Ju\u00e1rez, Oax., 8 de febrero de 2024.- Tras sufrir violencia&hellip;<\/p>\n","protected":false},"author":2,"featured_media":65122,"comment_status":"closed","ping_status":"open","sticky":false,"template":"","format":"standard","meta":{"_lmt_disableupdate":"","_lmt_disable":"","_jetpack_memberships_contains_paid_content":false,"footnotes":""},"categories":[109,47],"tags":[833,3843],"class_list":["post-65119","post","type-post","status-publish","format-standard","has-post-thumbnail","hentry","category-minuto-a-minuto","category-zona-gris","tag-monte-de-piedad-del-estado-de-oaxaca","tag-omar-julian-julian"],"jetpack_featured_media_url":"https:\/\/zonaroja.com.mx\/wp-content\/uploads\/2024\/02\/Director-Monte-de-Piedad-Julian.jpg","jetpack_sharing_enabled":true,"_links":{"self":[{"href":"https:\/\/zonaroja.com.mx\/index.php?rest_route=\/wp\/v2\/posts\/65119","targetHints":{"allow":["GET"]}}],"collection":[{"href":"https:\/\/zonaroja.com.mx\/index.php?rest_route=\/wp\/v2\/posts"}],"about":[{"href":"https:\/\/zonaroja.com.mx\/index.php?rest_route=\/wp\/v2\/types\/post"}],"author":[{"embeddable":true,"href":"https:\/\/zonaroja.com.mx\/index.php?rest_route=\/wp\/v2\/users\/2"}],"replies":[{"embeddable":true,"href":"https:\/\/zonaroja.com.mx\/index.php?rest_route=%2Fwp%2Fv2%2Fcomments&post=65119"}],"version-history":[{"count":1,"href":"https:\/\/zonaroja.com.mx\/index.php?rest_route=\/wp\/v2\/posts\/65119\/revisions"}],"predecessor-version":[{"id":65123,"href":"https:\/\/zonaroja.com.mx\/index.php?rest_route=\/wp\/v2\/posts\/65119\/revisions\/65123"}],"wp:featuredmedia":[{"embeddable":true,"href":"https:\/\/zonaroja.com.mx\/index.php?rest_route=\/wp\/v2\/media\/65122"}],"wp:attachment":[{"href":"https:\/\/zonaroja.com.mx\/index.php?rest_route=%2Fwp%2Fv2%2Fmedia&parent=65119"}],"wp:term":[{"taxonomy":"category","embeddable":true,"href":"https:\/\/zonaroja.com.mx\/index.php?rest_route=%2Fwp%2Fv2%2Fcategories&post=65119"},{"taxonomy":"post_tag","embeddable":true,"href":"https:\/\/zonaroja.com.mx\/index.php?rest_route=%2Fwp%2Fv2%2Ftags&post=65119"}],"curies":[{"name":"wp","href":"https:\/\/api.w.org\/{rel}","templated":true}]}}