{"id":65124,"date":"2024-02-09T09:30:00","date_gmt":"2024-02-09T15:30:00","guid":{"rendered":"http:\/\/www.zonaroja.com.mx\/?p=65124"},"modified":"2024-02-09T07:33:41","modified_gmt":"2024-02-09T13:33:41","slug":"caso-ayotzinapa-liberan-a-el-mochomo-y-ahora-no-lo-encuentran","status":"publish","type":"post","link":"https:\/\/zonaroja.com.mx\/?p=65124","title":{"rendered":"Caso Ayotzinapa: liberan a \u2018El Mochomo\u2019 y ahora no lo encuentran"},"content":{"rendered":"\n<p>Redacci\u00f3n\/Zona Roja Cdmx.<\/p>\n\n\n\n<p>Ciudad de M\u00e9xico, a 9 de febrero de 2024.- Jos\u00e9 \u00c1ngel Casarrubias Salgado, \u2018El Mochomo\u2019, uno de los implicados en la desaparici\u00f3n de los 43 normalistas de Ayotzinapa, qued\u00f3 en libertad y se encuentra no localizable.<\/p>\n\n\n\n<p>Un juez federal absolvi\u00f3 al hermano de Sidronio Casarrubias Salgado, l\u00edder del grupo criminal Guerreros Unidos, de delincuencia organizada con la finalidad de cometer delitos contra la salud.<\/p>\n\n\n\n<p>Su salida del penal federal de m\u00e1xima seguridad El Altiplano, en Almoloya de Ju\u00e1rez, Estado de M\u00e9xico, fue en octubre pasado y pas\u00f3 pr\u00e1cticamente inadvertida.<\/p>\n\n\n\n<p>Fue hasta este jueves que se conoci\u00f3 su exoneraci\u00f3n, gracias a una notificaci\u00f3n que ten\u00edan que darle a Casarrubias Salgado, con motivo de una apelaci\u00f3n de la Fiscal\u00eda General de la Rep\u00fablica (FGR).<\/p>\n\n\n\n<p>\u201cVista la raz\u00f3n actuarial que antecede, de la que se advierte la imposibilidad que tuvo la actuaria judicial de la adscripci\u00f3n de notificar a Jos\u00e9 \u00c1ngel Casarrubias Salgado el prove\u00eddo de 29 de enero del a\u00f1o en curso\u201d, dice la notificaci\u00f3n publicada este 8 de febrero y agrega:<\/p>\n\n\n\n<p>\u201cToda vez que fue informada por personal del \u00e1rea jur\u00eddica que dicho justiciable egres\u00f3 del Centro Federal de Readaptaci\u00f3n Social n\u00famero Uno, El Altiplano, con sede en Almoloya de Ju\u00e1rez, el 4 de octubre de 2023, en cumplimiento al oficio 632\/2023, signado por el Juez de Distrito Especializado en el Sistema Penal Acusatorio, en su car\u00e1cter de Tribunal de Enjuiciamiento del Centro de Justicia Penal Federal en el Estado de M\u00e9xico, con sede en Almoloya de Ju\u00e1rez, con el que se inform\u00f3 la sentencia absolutoria dictada en su favor\u201d.<\/p>\n\n\n\n<p>\u2018El Mochomo\u2019 fue detenido el 24 de junio de 2020 y se\u00f1alado como \u201cun participante de gran notoriedad\u201d en la desaparici\u00f3n de los 43 normalistas de Ayotzinapa, el 26 y 27 de septiembre de 2014 en Iguala, Guerrero.<\/p>\n\n\n\n<p>En julio de 2020 Casarrubias Salgado fue liberado, pero la Fiscal\u00eda General de la Rep\u00fablica (FGR) lo recaptur\u00f3 cuando sal\u00eda del penal federal El Altiplano.<\/p>\n\n\n\n<p>En aquella ocasi\u00f3n Mar\u00eda del Socorro Castillo, titular del Juzgado Segundo de Distrito Penal, en el Estado de M\u00e9xico, orden\u00f3 su libertad por falta de pruebas para enjuiciarlo por la desaparici\u00f3n de los 43 normalistas de Ayotzinapa.<\/p>\n\n\n\n<p>No obstante, se revel\u00f3 que Francelia Salgado, madre del \u2018Mochomo\u2019, y un abogado pactaron la entrega de un soborno al secretario de acuerdos Marco Aurelio Gonz\u00e1lez, quien trabaja directamente con la juez que orden\u00f3 la libertad.<\/p>\n\n\n\n<p>Hasta el momento la FGR no se ha pronunciado respecto a esta libertad.<\/p>\n\n\n\n<p>(Informaci\u00f3n de \u201cEl Financiero\u201d)<\/p>\n","protected":false},"excerpt":{"rendered":"<p>Redacci\u00f3n\/Zona Roja Cdmx. Ciudad de M\u00e9xico, a 9 de febrero de 2024.- Jos\u00e9 \u00c1ngel Casarrubias&hellip;<\/p>\n","protected":false},"author":2,"featured_media":65125,"comment_status":"closed","ping_status":"open","sticky":false,"template":"","format":"standard","meta":{"_lmt_disableupdate":"","_lmt_disable":"","_jetpack_memberships_contains_paid_content":false,"footnotes":""},"categories":[109,47],"tags":[823],"class_list":["post-65124","post","type-post","status-publish","format-standard","has-post-thumbnail","hentry","category-minuto-a-minuto","category-zona-gris","tag-desaparecidos-ayotzinapa-guerrero"],"jetpack_featured_media_url":"https:\/\/zonaroja.com.mx\/wp-content\/uploads\/2024\/02\/Mochomo-caso-Ayotzinapa.webp","jetpack_sharing_enabled":true,"_links":{"self":[{"href":"https:\/\/zonaroja.com.mx\/index.php?rest_route=\/wp\/v2\/posts\/65124","targetHints":{"allow":["GET"]}}],"collection":[{"href":"https:\/\/zonaroja.com.mx\/index.php?rest_route=\/wp\/v2\/posts"}],"about":[{"href":"https:\/\/zonaroja.com.mx\/index.php?rest_route=\/wp\/v2\/types\/post"}],"author":[{"embeddable":true,"href":"https:\/\/zonaroja.com.mx\/index.php?rest_route=\/wp\/v2\/users\/2"}],"replies":[{"embeddable":true,"href":"https:\/\/zonaroja.com.mx\/index.php?rest_route=%2Fwp%2Fv2%2Fcomments&post=65124"}],"version-history":[{"count":1,"href":"https:\/\/zonaroja.com.mx\/index.php?rest_route=\/wp\/v2\/posts\/65124\/revisions"}],"predecessor-version":[{"id":65126,"href":"https:\/\/zonaroja.com.mx\/index.php?rest_route=\/wp\/v2\/posts\/65124\/revisions\/65126"}],"wp:featuredmedia":[{"embeddable":true,"href":"https:\/\/zonaroja.com.mx\/index.php?rest_route=\/wp\/v2\/media\/65125"}],"wp:attachment":[{"href":"https:\/\/zonaroja.com.mx\/index.php?rest_route=%2Fwp%2Fv2%2Fmedia&parent=65124"}],"wp:term":[{"taxonomy":"category","embeddable":true,"href":"https:\/\/zonaroja.com.mx\/index.php?rest_route=%2Fwp%2Fv2%2Fcategories&post=65124"},{"taxonomy":"post_tag","embeddable":true,"href":"https:\/\/zonaroja.com.mx\/index.php?rest_route=%2Fwp%2Fv2%2Ftags&post=65124"}],"curies":[{"name":"wp","href":"https:\/\/api.w.org\/{rel}","templated":true}]}}