{"id":65127,"date":"2024-02-09T12:34:00","date_gmt":"2024-02-09T18:34:00","guid":{"rendered":"http:\/\/www.zonaroja.com.mx\/?p=65127"},"modified":"2024-02-09T07:35:39","modified_gmt":"2024-02-09T13:35:39","slug":"a-biden-le-falla-la-memoria-presidente-lo-rechaza-pero-comete-pifia","status":"publish","type":"post","link":"https:\/\/zonaroja.com.mx\/?p=65127","title":{"rendered":"A Biden le falla la memoria; presidente lo rechaza pero comete pifia"},"content":{"rendered":"\n<p>Redacci\u00f3n\/Zona Roja Cdmx.<\/p>\n\n\n\n<p>Ciudad de M\u00e9xico, a 9 de febrero de 2024.- Joe Biden confundi\u00f3 al presidente Andr\u00e9s Manuel L\u00f3pez Obrador con su hom\u00f3logo egipcio&nbsp;Abdelfatah El-Sisi durante una conferencia de prensa en la que defend\u00eda que su memoria estaba \u00abbien\u00bb.<\/p>\n\n\n\n<p>La Casa Blanca convoc\u00f3 una rueda de prensa con motivo de la recomendaci\u00f3n del fiscal especial,&nbsp;Robert Hur, que sugiri\u00f3 no levantar cargos contra el presidente por los documentos confidenciales hallados en su casa ya que este pose\u00eda \u00abuna memoria limitada\u00bb.<\/p>\n\n\n\n<p>\u00abComo saben recientemente el presidente de M\u00e9xico, Sisi, no quer\u00eda abrir la puerta para permitir que la ayuda entre (a la Franja de Gaza). Yo habl\u00e9 con \u00e9l, yo lo convenc\u00ed de abrir las puertas\u00bb, declar\u00f3 Biden.<\/p>\n\n\n\n<p>El presidente de 81 a\u00f1os que busca la reelecci\u00f3n en noviembre de este a\u00f1o enfrenta varias cr\u00edticas por su edad y problemas mentales derivados de esto mismo por lo que las anotaciones del fiscal Hur le pesar\u00e1n en los votantes.<\/p>\n\n\n\n<p>El fiscal comenta que Biden demostr\u00f3 \u00abuna memoria significativamente limitada\u00bb en los interrogatorios y que su condici\u00f3n en 2023 hab\u00eda empeorado en comparaci\u00f3n con grabaciones que se ten\u00edan de 2017.<\/p>\n\n\n\n<p>\u00abNuestra investigaci\u00f3n encontr\u00f3 pruebas de que el presidente Biden retuvo y divulg\u00f3 intencionadamente materiales clasificados despu\u00e9s de su vicepresidencia cuando era un ciudadano privado\u00bb, relata el fiscal.<\/p>\n\n\n\n<p>\u00abSer\u00eda dif\u00edcil convencer a un jurado de que debe condenar a un ex presidente de m\u00e1s de 80 a\u00f1os por un delito grave que requiere de un estado mental de voluntariedad\u00bb, relata.<\/p>\n\n\n\n<p>Por su parte Biden respondi\u00f3 ofendido por el tema diciendo que las conclusi\u00f3n de no levantar cargos contra \u00e9l fueron porque colabor\u00f3 en las autoridades a diferencia de su principal rival frente a los comicios, Donald Trump, que incluso acumul\u00f3 cargos por obstruir las investigaciones.<\/p>\n\n\n\n<p>(Informaci\u00f3n de \u201cMilenio\u201d)<\/p>\n","protected":false},"excerpt":{"rendered":"<p>Redacci\u00f3n\/Zona Roja Cdmx. Ciudad de M\u00e9xico, a 9 de febrero de 2024.- Joe Biden confundi\u00f3&hellip;<\/p>\n","protected":false},"author":2,"featured_media":21270,"comment_status":"closed","ping_status":"open","sticky":false,"template":"","format":"standard","meta":{"_lmt_disableupdate":"","_lmt_disable":"","_jetpack_memberships_contains_paid_content":false,"footnotes":""},"categories":[109,47],"tags":[2347],"class_list":["post-65127","post","type-post","status-publish","format-standard","has-post-thumbnail","hentry","category-minuto-a-minuto","category-zona-gris","tag-joe-biden"],"jetpack_featured_media_url":"https:\/\/zonaroja.com.mx\/wp-content\/uploads\/2020\/12\/Joe-Biden.jpeg","jetpack_sharing_enabled":true,"_links":{"self":[{"href":"https:\/\/zonaroja.com.mx\/index.php?rest_route=\/wp\/v2\/posts\/65127","targetHints":{"allow":["GET"]}}],"collection":[{"href":"https:\/\/zonaroja.com.mx\/index.php?rest_route=\/wp\/v2\/posts"}],"about":[{"href":"https:\/\/zonaroja.com.mx\/index.php?rest_route=\/wp\/v2\/types\/post"}],"author":[{"embeddable":true,"href":"https:\/\/zonaroja.com.mx\/index.php?rest_route=\/wp\/v2\/users\/2"}],"replies":[{"embeddable":true,"href":"https:\/\/zonaroja.com.mx\/index.php?rest_route=%2Fwp%2Fv2%2Fcomments&post=65127"}],"version-history":[{"count":1,"href":"https:\/\/zonaroja.com.mx\/index.php?rest_route=\/wp\/v2\/posts\/65127\/revisions"}],"predecessor-version":[{"id":65128,"href":"https:\/\/zonaroja.com.mx\/index.php?rest_route=\/wp\/v2\/posts\/65127\/revisions\/65128"}],"wp:featuredmedia":[{"embeddable":true,"href":"https:\/\/zonaroja.com.mx\/index.php?rest_route=\/wp\/v2\/media\/21270"}],"wp:attachment":[{"href":"https:\/\/zonaroja.com.mx\/index.php?rest_route=%2Fwp%2Fv2%2Fmedia&parent=65127"}],"wp:term":[{"taxonomy":"category","embeddable":true,"href":"https:\/\/zonaroja.com.mx\/index.php?rest_route=%2Fwp%2Fv2%2Fcategories&post=65127"},{"taxonomy":"post_tag","embeddable":true,"href":"https:\/\/zonaroja.com.mx\/index.php?rest_route=%2Fwp%2Fv2%2Ftags&post=65127"}],"curies":[{"name":"wp","href":"https:\/\/api.w.org\/{rel}","templated":true}]}}