{"id":65131,"date":"2024-02-09T11:30:00","date_gmt":"2024-02-09T17:30:00","guid":{"rendered":"http:\/\/www.zonaroja.com.mx\/?p=65131"},"modified":"2024-02-09T07:38:36","modified_gmt":"2024-02-09T13:38:36","slug":"dan-45-anos-de-prision-al-feminicida-de-alejandra-zarate-osorno-en-edomex","status":"publish","type":"post","link":"https:\/\/zonaroja.com.mx\/?p=65131","title":{"rendered":"Dan 45 a\u00f1os de prisi\u00f3n al feminicida de Alejandra Z\u00e1rate Osorno en Edomex"},"content":{"rendered":"\n<p>Redacci\u00f3n\/SemM\u00e9xico<\/p>\n\n\n\n<p>Ciudad de M\u00e9xico, 9 de febrero, 2024.-&nbsp;La Fiscal\u00eda General de Justicia del Estado de M\u00e9xico(FGJEM) conden\u00f3 a 45 a\u00f1os de prisi\u00f3n a M\u00e1ximo \u201cN\u201d por el feminicidio de la doctora&nbsp;militar&nbsp;Alejandra Z\u00e1rate Osorno, una reconocida&nbsp;cient\u00edfica cuya labor profesional contribuy\u00f3 a salvar miles de vidas, sobre todo de mujeres con c\u00e1ncer de mama.<\/p>\n\n\n\n<p>El hijo de la tambi\u00e9n directora&nbsp;de Patolog\u00eda del Hospital Espa\u00f1ol,&nbsp;Adri\u00e1n Alejandro Carballo Z\u00e1rate, relat\u00f3 el proceso que concluy\u00f3 con la condena de quien fuera el&nbsp;mayordomo de su madre&nbsp;durante 17 a\u00f1os&nbsp;y quien la&nbsp;priv\u00f3 de la vida el 11&nbsp;de agosto de 2022.&nbsp;<\/p>\n\n\n\n<p>En M\u00e9xico,&nbsp;donde&nbsp;la impunidad por&nbsp;feminicidios&nbsp;es del 76 por ciento y&nbsp;en el&nbsp;Estado de M\u00e9xico,&nbsp;la segunda entidad con m\u00e1s feminicidios registrados y muchas sentencias absolutorias por fallas en las carpetas de investigaci\u00f3n,&nbsp;de&nbsp;acuerdo&nbsp;con cifras del&nbsp;Secretariado Ejecutivo del Sistema Nacional de Seguridad P\u00fablica, el doctor Carballo Z\u00e1rate&nbsp;se dijo satisfecho con el proceso de justicia para su madre.<\/p>\n\n\n\n<p>No obstante, considera que el feminicidio&nbsp;deber\u00eda de tratarse de una manera m\u00e1s r\u00e1pida y&nbsp;oportuna&nbsp;\u201cno tanto los jueces, pero si los polic\u00edas ministeriales, de investigaci\u00f3n creo no son los m\u00e1s competentes, ni siquiera en mi caso que creo que se le dio celeridad, no fueron los m\u00e1s competentes.&nbsp;<\/p>\n\n\n\n<p>\u201cUn ejemplo de ello fue la tardanza en las diligencias como la de las pruebas de Luminol (t\u00e9cnica para localizar la sangre en grandes \u00e1reas) que se realizaron tres semanas despu\u00e9s de que fue localizado el cuerpo de mi madre. Igualmente, la carpeta de investigaci\u00f3n fue armada&nbsp;en 5 semanas. Las audiencias se programaron hasta con tres meses de diferencia y hasta hubo un cambio de polic\u00eda ministerial, lo que retras\u00f3 el proceso porque el sustituto desconoc\u00eda el caso\u201d.<\/p>\n\n\n\n<p>El juicio se inici\u00f3&nbsp;en octubre del 2023 y termin\u00f3&nbsp;la primera&nbsp;semana de noviembre del 2023. La evidencia fue abrumadora, se presentaron todas&nbsp;las pruebas,&nbsp;los&nbsp;dict\u00e1menes, los videos de la casa&nbsp;y todo anexado a la carpeta, el sospechoso fue detenido 22 de noviembre del 2022.&nbsp;\u201cHubo toda una estrategia&nbsp;para tener al responsable en la casa de mi madre\u201d, su&nbsp;lugar de trabajo, tres meses despu\u00e9s de cometer el feminicidio.<\/p>\n\n\n\n<p>Aunque el m\u00e9dico destaca que en comparaci\u00f3n con otros casos de feminicidio que llevan hasta m\u00e1s de 10 a\u00f1os para la b\u00fasqueda de la justicia, su experiencia personal fue muy traum\u00e1tica,&nbsp;porque es muy fuerte ver que las autoridades, en este caso el presidente, considere&nbsp;el aumento de los cr\u00edmenes es propaganda de sus adversarios, esto es muy doloroso para la familia de las v\u00edctimas,&nbsp;\u201cte desvirt\u00faa, que te hagan menos\u201d.&nbsp;<\/p>\n\n\n\n<p>Durante el proceso \u201cviv\u00ed mucha incertidumbre\u201d porque a pesar de que&nbsp;las autoridades&nbsp;ya cuentan con todas las pruebas de los casos, se tardan en ir x los responsables,&nbsp;\u201cen mi caso, tuve&nbsp;temor a una filtraci\u00f3n, o que el responsable se diera a&nbsp;la fuga\u201d.&nbsp;<\/p>\n\n\n\n<p>RECONOCIDA ESPECIALISTA&nbsp;<\/p>\n\n\n\n<p>La doctora&nbsp;Alejandra Z\u00e1rate Osorno era m\u00e9dica cirujana y partera egresada de la Escuela M\u00e9dico Militar, &nbsp;especialista&nbsp;en anatom\u00eda patol\u00f3gica, comenta su hijo Adri\u00e1n Alejandro.&nbsp;<\/p>\n\n\n\n<p>De 1989 a 1993 estudi\u00f3 hematopatolog\u00eda en el Instituto Nacional del C\u00e1ncer de Estados Unidos. Cuando regres\u00f3, trabaj\u00f3 en el Hospital Militar, en el Instituto Nacional de Cancerolog\u00eda y, desde 1999, en el Hospital Espa\u00f1ol, donde fue nombrada directora de Patolog\u00eda en 2007.<\/p>\n\n\n\n<p>Fue maestra de&nbsp;muchas generaciones de m\u00e9dicos,tanto en la&nbsp;Escuela M\u00e9dico Militar&nbsp;como en la&nbsp;UNAM y en la Universidad An\u00e1huac.<\/p>\n\n\n\n<p>\u201cElla fue madre soltera. A mi me cri\u00f3 mi&nbsp;abuela&nbsp;hasta los 9 a\u00f1os porque ella se fue a&nbsp;estudiar a Estados Unidos, pero siempre estuvo presente. Desde los nueve a\u00f1os viv\u00ed con ella. Era muy buena madre, pese a que ten\u00eda uno o dos trabajos no hab\u00eda d\u00eda en que no fuera por m\u00ed a la escuela o estuviera pendiente de mis calificaciones, incluso cuando fui a la universidad\u201d.<\/p>\n\n\n\n<p>Carballo, de 38 a\u00f1os, quien&nbsp;tambi\u00e9n&nbsp;trabaja en el Laboratorio de Patolog\u00eda del Hospital Espa\u00f1ol, afirma que la muerte de su madre signific\u00f3 no solo una p\u00e9rdida a nivel personal, sino para la medicina del pa\u00eds.&nbsp;<\/p>\n\n\n\n<p>El m\u00e9dico agradeci\u00f3 el apoyo que recibi\u00f3&nbsp;de la comunidad m\u00e9dica y&nbsp;de instituciones como el Colegio y Asociaci\u00f3n Mexicana de Pat\u00f3logos, la Federaci\u00f3n de Anatom\u00eda Patol\u00f3gica de la Rep\u00fablica Mexicana y la Agrupaci\u00f3n Mexicana para el Estudio de la Hematolog\u00eda.<\/p>\n\n\n\n<p>(Texto de Sara Lovera y Laura Romero G\u00f3mez)<\/p>\n","protected":false},"excerpt":{"rendered":"<p>Redacci\u00f3n\/SemM\u00e9xico Ciudad de M\u00e9xico, 9 de febrero, 2024.-&nbsp;La Fiscal\u00eda General de Justicia del Estado de&hellip;<\/p>\n","protected":false},"author":2,"featured_media":65055,"comment_status":"closed","ping_status":"open","sticky":false,"template":"","format":"standard","meta":{"_lmt_disableupdate":"","_lmt_disable":"","_jetpack_memberships_contains_paid_content":false,"footnotes":""},"categories":[109,46],"tags":[],"class_list":["post-65131","post","type-post","status-publish","format-standard","has-post-thumbnail","hentry","category-minuto-a-minuto","category-zona-blanca"],"jetpack_featured_media_url":"https:\/\/zonaroja.com.mx\/wp-content\/uploads\/2024\/02\/Sara-Lovera-entrevista.jpg","jetpack_sharing_enabled":true,"_links":{"self":[{"href":"https:\/\/zonaroja.com.mx\/index.php?rest_route=\/wp\/v2\/posts\/65131","targetHints":{"allow":["GET"]}}],"collection":[{"href":"https:\/\/zonaroja.com.mx\/index.php?rest_route=\/wp\/v2\/posts"}],"about":[{"href":"https:\/\/zonaroja.com.mx\/index.php?rest_route=\/wp\/v2\/types\/post"}],"author":[{"embeddable":true,"href":"https:\/\/zonaroja.com.mx\/index.php?rest_route=\/wp\/v2\/users\/2"}],"replies":[{"embeddable":true,"href":"https:\/\/zonaroja.com.mx\/index.php?rest_route=%2Fwp%2Fv2%2Fcomments&post=65131"}],"version-history":[{"count":1,"href":"https:\/\/zonaroja.com.mx\/index.php?rest_route=\/wp\/v2\/posts\/65131\/revisions"}],"predecessor-version":[{"id":65132,"href":"https:\/\/zonaroja.com.mx\/index.php?rest_route=\/wp\/v2\/posts\/65131\/revisions\/65132"}],"wp:featuredmedia":[{"embeddable":true,"href":"https:\/\/zonaroja.com.mx\/index.php?rest_route=\/wp\/v2\/media\/65055"}],"wp:attachment":[{"href":"https:\/\/zonaroja.com.mx\/index.php?rest_route=%2Fwp%2Fv2%2Fmedia&parent=65131"}],"wp:term":[{"taxonomy":"category","embeddable":true,"href":"https:\/\/zonaroja.com.mx\/index.php?rest_route=%2Fwp%2Fv2%2Fcategories&post=65131"},{"taxonomy":"post_tag","embeddable":true,"href":"https:\/\/zonaroja.com.mx\/index.php?rest_route=%2Fwp%2Fv2%2Ftags&post=65131"}],"curies":[{"name":"wp","href":"https:\/\/api.w.org\/{rel}","templated":true}]}}