{"id":65134,"date":"2024-02-09T13:52:32","date_gmt":"2024-02-09T19:52:32","guid":{"rendered":"http:\/\/www.zonaroja.com.mx\/?p=65134"},"modified":"2024-02-09T13:52:33","modified_gmt":"2024-02-09T19:52:33","slug":"volcadura-de-camioneta-con-pasajeros-en-oaxaca-deja-4-muertos-y-7-heridos","status":"publish","type":"post","link":"https:\/\/zonaroja.com.mx\/?p=65134","title":{"rendered":"Volcadura de camioneta con pasajeros en Oaxaca deja 4 muertos y 7 heridos"},"content":{"rendered":"\n<p>Ismael Garc\u00eda M.\/Zona Roja. <\/p>\n\n\n\n<p>Oaxaca de Ju\u00e1rez, Oax., a 9 de febrero de 2024.- La volcadura de un veh\u00edculo oficial del municipio de Tanetze de Zaragoza dej\u00f3 como saldo cuatro personas fallecidas y siete lesionadas, confirmaron autoridades estatales.&nbsp;<\/p>\n\n\n\n<p>El percance ocurri\u00f3 alrededor de las 08:00 de la ma\u00f1ana de hoy en la carretera federal 175, Oaxaca-Tuxtepec, cerca del entronque a la localidad de San Miguel del R\u00edo, Ixtl\u00e1n. <\/p>\n\n\n\n<p>A\u00fan se desconoce la forma en que volc\u00f3 la camioneta de pasajeros marca Toyota, con placas de circulaci\u00f3n TMB-3728, que cay\u00f3 al fondo de un barranco.&nbsp;<\/p>\n\n\n\n<p>El Gobierno del Estado inform\u00f3 que&nbsp;el Hospital Comunitario de Ixtl\u00e1n de Ju\u00e1rez recibi\u00f3 siete pacientes, cuatro mujeres y tres hombres, de los cuales dos fueron trasladados al Hospital General \u201cDr. Aurelio Valdivieso\u201d, en la capital del estado, con pron\u00f3stico reservado, para su atenci\u00f3n de emergencia.<\/p>\n\n\n\n<p>El resto de los pacientes se encuentran en observaci\u00f3n m\u00e9dica con diagn\u00f3stico estable.<\/p>\n\n\n\n<p>Indic\u00f3 que el Heroico Cuerpo de Bomberos de Oaxaca reporta de manera preliminar cuatro personas fallecidas en el lugar de los hechos.<\/p>\n\n\n\n<p>Presuntamente el s\u00edndico conduc\u00eda la unidad de motor en que viajaban las autoridades de Tanetze y es uno de los lesionados. <\/p>\n","protected":false},"excerpt":{"rendered":"<p>Ismael Garc\u00eda M.\/Zona Roja. Oaxaca de Ju\u00e1rez, Oax., a 9 de febrero de 2024.- La&hellip;<\/p>\n","protected":false},"author":2,"featured_media":65133,"comment_status":"closed","ping_status":"open","sticky":false,"template":"","format":"standard","meta":{"_lmt_disableupdate":"","_lmt_disable":"","_jetpack_memberships_contains_paid_content":false,"footnotes":""},"categories":[109,47],"tags":[],"class_list":["post-65134","post","type-post","status-publish","format-standard","has-post-thumbnail","hentry","category-minuto-a-minuto","category-zona-gris"],"jetpack_featured_media_url":"https:\/\/zonaroja.com.mx\/wp-content\/uploads\/2024\/02\/77f1fa7d-b7da-47c5-9146-356a5c97323c-1.jpg","jetpack_sharing_enabled":true,"_links":{"self":[{"href":"https:\/\/zonaroja.com.mx\/index.php?rest_route=\/wp\/v2\/posts\/65134","targetHints":{"allow":["GET"]}}],"collection":[{"href":"https:\/\/zonaroja.com.mx\/index.php?rest_route=\/wp\/v2\/posts"}],"about":[{"href":"https:\/\/zonaroja.com.mx\/index.php?rest_route=\/wp\/v2\/types\/post"}],"author":[{"embeddable":true,"href":"https:\/\/zonaroja.com.mx\/index.php?rest_route=\/wp\/v2\/users\/2"}],"replies":[{"embeddable":true,"href":"https:\/\/zonaroja.com.mx\/index.php?rest_route=%2Fwp%2Fv2%2Fcomments&post=65134"}],"version-history":[{"count":1,"href":"https:\/\/zonaroja.com.mx\/index.php?rest_route=\/wp\/v2\/posts\/65134\/revisions"}],"predecessor-version":[{"id":65135,"href":"https:\/\/zonaroja.com.mx\/index.php?rest_route=\/wp\/v2\/posts\/65134\/revisions\/65135"}],"wp:featuredmedia":[{"embeddable":true,"href":"https:\/\/zonaroja.com.mx\/index.php?rest_route=\/wp\/v2\/media\/65133"}],"wp:attachment":[{"href":"https:\/\/zonaroja.com.mx\/index.php?rest_route=%2Fwp%2Fv2%2Fmedia&parent=65134"}],"wp:term":[{"taxonomy":"category","embeddable":true,"href":"https:\/\/zonaroja.com.mx\/index.php?rest_route=%2Fwp%2Fv2%2Fcategories&post=65134"},{"taxonomy":"post_tag","embeddable":true,"href":"https:\/\/zonaroja.com.mx\/index.php?rest_route=%2Fwp%2Fv2%2Ftags&post=65134"}],"curies":[{"name":"wp","href":"https:\/\/api.w.org\/{rel}","templated":true}]}}