{"id":65142,"date":"2024-02-09T21:19:50","date_gmt":"2024-02-10T03:19:50","guid":{"rendered":"http:\/\/www.zonaroja.com.mx\/?p=65142"},"modified":"2024-02-09T21:19:52","modified_gmt":"2024-02-10T03:19:52","slug":"acusa-italiana-que-sistema-judicial-de-oaxaca-le-quito-a-su-hija-menor-de-edad","status":"publish","type":"post","link":"https:\/\/zonaroja.com.mx\/?p=65142","title":{"rendered":"Acusa italiana que sistema judicial de Oaxaca le quit\u00f3 a su hija menor de edad"},"content":{"rendered":"\n<p>Yuridiana Sosa\/Zona Roja.<\/p>\n\n\n\n<p>Oaxaca de Ju\u00e1rez, Oax., 9 de febrero de 2024.- Durante seis meses, Elena Marini y su hija Anna LuzM., de 10 a\u00f1os de edad, han sido v\u00edctimas de una serie de violaciones a sus derechos de parte de autoridades judiciales de Oaxaca, las cuales permitieron de forma abusiva e ilegal la separaci\u00f3n de madre e hija.<\/p>\n\n\n\n<p>En conferencia de prensa, la madre y abuela de la menor, Renata Silvestres, acompa\u00f1ada por organizaciones civiles en defensa de las mujeres, denunciaron los hechos por los que sufren de violencia vicaria y alienaci\u00f3n parental cometidos por el padre biol\u00f3gico de la menor, Francisco Le\u00f3n Pacheco.<\/p>\n\n\n\n<p>Entre las violaciones m\u00e1s graves se encuentra la detenci\u00f3n ilegal y aparentemente planeada de la madre para quitarle a su hija, quien fue llevada al albergue del DIF y el pasado 7 de febrero entregada bajo procesos fuera de la ley al padre biol\u00f3gico, quien no cuenta con ning\u00fan registro oficial que lo reconozca como padre.<\/p>\n\n\n\n<p>\u201cLa paternidad s\u00f3lo fue un instrumento para hacernos da\u00f1o y estoy muy decepcionada de c\u00f3mo nos ha tratado el sistema judicial aqu\u00ed, yo confi\u00e9\u201d, dijo la madre.<br>LOS HECHOS<\/p>\n\n\n\n<p>La se\u00f1ora Elena Marina, de origen italiano, se\u00f1al\u00f3 que desde el embarazo de su hija se separ\u00f3 de Le\u00f3n Pacheco al percatarse de ser una persona violenta, por lo que regres\u00f3 a su pa\u00eds de origen donde naci\u00f3 su hija, quien s\u00f3lo lleva el apellido materno, haci\u00e9ndose cargo en la totalidad de la crianza de Anna Luz.<\/p>\n\n\n\n<p>Hace aproximadamente un a\u00f1o, en comunicaci\u00f3n nuevamente, la madre accedi\u00f3 a que se conocieran y conviviera padre e hija, por lo que regres\u00f3 a Oaxaca, donde hace poco m\u00e1s de una d\u00e9cada atr\u00e1s conoci\u00f3 a Francisco por asuntos labores con una asociaci\u00f3n.<\/p>\n\n\n\n<p>Pero la pesadilla comenz\u00f3 hace unos seis meses. La mujer narr\u00f3 que el padre, con todo un plan, se aprovech\u00f3 de un momento de debilidad de su parte, lo que la llev\u00f3 a ser detenida de forma ilegal por ocho horas en el cuartel de San Bartolo Coyotepec.<\/p>\n\n\n\n<p>Ante su arresto la menor fue llevada al albergue del DIF del estado, para nunca m\u00e1s volver a estar con ella.<\/p>\n\n\n\n<p>Aunque en la fiscal\u00eda se reconoci\u00f3 su arresto ilegal, del cual no ofreci\u00f3 detalles sobre el supuesto delito, y le prometieron que le devolver\u00edan a su hija.<\/p>\n\n\n\n<p>Sin embargo, el padre -de quien no conocen se dedique a un trabajo pero que su familia cuenta con poder econ\u00f3micos- se present\u00f3 a la Fiscal\u00eda de Oaxaca con todo un cuerpo de abogados del despacho de Jorge Franco, para quedarse con la menor.<\/p>\n\n\n\n<p>PROCESOS<\/p>\n\n\n\n<p>Parte de las graves violaciones, indican los organismos defensores, fue bajo posible complicidad de jueces.<\/p>\n\n\n\n<p>En octubre pasado, el S\u00e9ptimo Juzgado de lo familiar entregar\u00eda a la menor a su padre, pero la ni\u00f1a se opuso y fue regresada al DIF. D\u00edas despu\u00e9s, cuando hubiera tocado el encuentro con la madre, Anna Luz no fue llevada al juzgado, mientras que en diciembre, para tambi\u00e9n definir la entrega de la ni\u00f1a en el Tercer Juzgado de lo familiar, la audiencia no se llev\u00f3 a cabo.<\/p>\n\n\n\n<p>La situaci\u00f3n empeor\u00f3 con una medida de restricci\u00f3n entregada el 16 de diciembre por se\u00f1alamientos de afirmaciones fantasiosas de parte del padre biol\u00f3gico.<\/p>\n\n\n\n<p>Sin notificaciones previas para la madre, se llevaron a cabo audiencias para que la madre no estuviera presente.<\/p>\n\n\n\n<p>El Juzgado Primero de lo Familiar, en audiencia de las 21:00 horas, defini\u00f3 que Anna fuera entregada a Francisco el pasado 7 de febrero, a lo que el DIF procedi\u00f3; ambas autoridades violando los principios de protecci\u00f3n al menos.<\/p>\n\n\n\n<p>Elena asegur\u00f3 que en diversas ocasiones la menor expres\u00f3 no querer quedarse con Francisco y su deseo de estar con su madre y regresar a su pa\u00eds. Pero nunca fue escuchada.<\/p>\n\n\n\n<p>OTRAS VIOLACIONES<\/p>\n\n\n\n<p>La menor dej\u00f3 de ser llevada a sus terapias como parte del proceso de apoyo psicol\u00f3gico por parte del Instituto Municipal de la Mujer, pues en las dos \u00fanicas ocasiones que asisti\u00f3 manifest\u00f3 situaciones que no conven\u00eda al padre.<\/p>\n\n\n\n<p>Elena expres\u00f3 que en una supuesta entrega de su hija, el Juzgado Primero de lo familiar le requiri\u00f3 el pasaporte de su hija; ella lo entreg\u00f3, pero la entrega no se llev\u00f3 a cabo y le bloquearon y secuestraron el documento internacional.<\/p>\n\n\n\n<p>Por lo que, tras la entrega de la ni\u00f1a al padre, temen que la saquen del pa\u00eds.<\/p>\n\n\n\n<p>\u201cMi hija llor\u00f3 desde el primer momento que no separaron y dec\u00eda mam\u00e1 yo pens\u00e9 que esas personas nos iban a ayudar, no a separar\u2026Primero pensamos que era un malentendido, pero despu\u00e9s creemos que fue todo un plan y la voluntad de la ni\u00f1a no ha sido escuchada y su voluntad es estar conmigo\u201d, se\u00f1al\u00f3 Elena.<\/p>\n\n\n\n<p>Las organizaciones que acompa\u00f1a en este caso manifestaron &nbsp;un abandono total de las autoridades italianas.<\/p>\n\n\n\n<p>Ellas intentaron hacer contacto con el c\u00f3nsul, pero no ha habido sensibilidad de la embajada para poder escuchar y hacer ver que la situaci\u00f3n requer\u00eda de una intervenci\u00f3n diplom\u00e1tica con el gobierno mexicano por estas irregularidades y violaciones a los derechos de la ni\u00f1a y la madre.&nbsp;<\/p>\n","protected":false},"excerpt":{"rendered":"<p>Yuridiana Sosa\/Zona Roja. Oaxaca de Ju\u00e1rez, Oax., 9 de febrero de 2024.- Durante seis meses,&hellip;<\/p>\n","protected":false},"author":2,"featured_media":65143,"comment_status":"closed","ping_status":"open","sticky":false,"template":"","format":"standard","meta":{"_lmt_disableupdate":"","_lmt_disable":"","_jetpack_memberships_contains_paid_content":false,"footnotes":""},"categories":[109,47],"tags":[223],"class_list":["post-65142","post","type-post","status-publish","format-standard","has-post-thumbnail","hentry","category-minuto-a-minuto","category-zona-gris","tag-poder-judicial-de-oaxaca"],"jetpack_featured_media_url":"https:\/\/zonaroja.com.mx\/wp-content\/uploads\/2024\/02\/Conferencia-Elena-Marini.jpg","jetpack_sharing_enabled":true,"_links":{"self":[{"href":"https:\/\/zonaroja.com.mx\/index.php?rest_route=\/wp\/v2\/posts\/65142","targetHints":{"allow":["GET"]}}],"collection":[{"href":"https:\/\/zonaroja.com.mx\/index.php?rest_route=\/wp\/v2\/posts"}],"about":[{"href":"https:\/\/zonaroja.com.mx\/index.php?rest_route=\/wp\/v2\/types\/post"}],"author":[{"embeddable":true,"href":"https:\/\/zonaroja.com.mx\/index.php?rest_route=\/wp\/v2\/users\/2"}],"replies":[{"embeddable":true,"href":"https:\/\/zonaroja.com.mx\/index.php?rest_route=%2Fwp%2Fv2%2Fcomments&post=65142"}],"version-history":[{"count":1,"href":"https:\/\/zonaroja.com.mx\/index.php?rest_route=\/wp\/v2\/posts\/65142\/revisions"}],"predecessor-version":[{"id":65144,"href":"https:\/\/zonaroja.com.mx\/index.php?rest_route=\/wp\/v2\/posts\/65142\/revisions\/65144"}],"wp:featuredmedia":[{"embeddable":true,"href":"https:\/\/zonaroja.com.mx\/index.php?rest_route=\/wp\/v2\/media\/65143"}],"wp:attachment":[{"href":"https:\/\/zonaroja.com.mx\/index.php?rest_route=%2Fwp%2Fv2%2Fmedia&parent=65142"}],"wp:term":[{"taxonomy":"category","embeddable":true,"href":"https:\/\/zonaroja.com.mx\/index.php?rest_route=%2Fwp%2Fv2%2Fcategories&post=65142"},{"taxonomy":"post_tag","embeddable":true,"href":"https:\/\/zonaroja.com.mx\/index.php?rest_route=%2Fwp%2Fv2%2Ftags&post=65142"}],"curies":[{"name":"wp","href":"https:\/\/api.w.org\/{rel}","templated":true}]}}