{"id":65145,"date":"2024-02-09T22:07:10","date_gmt":"2024-02-10T04:07:10","guid":{"rendered":"http:\/\/www.zonaroja.com.mx\/?p=65145"},"modified":"2024-02-09T22:07:13","modified_gmt":"2024-02-10T04:07:13","slug":"istmo-violento-balean-a-mujer-en-tehuantepec-ejecutan-a-individuo-en-juchitan","status":"publish","type":"post","link":"https:\/\/zonaroja.com.mx\/?p=65145","title":{"rendered":"Istmo violento: balean a mujer en Tehuantepec; ejecutan a individuo en Juchit\u00e1n"},"content":{"rendered":"\n<p>Ismael Garc\u00eda M.\/Zona Roja.<\/p>\n\n\n\n<p>Oaxaca de Ju\u00e1rez, Oax., a 9 de febrero de 2024.- La violencia recrudeci\u00f3 este viernes en la regi\u00f3n del Istmo de Tehuantepec, Oaxaca, ante desidia de las autoridades municipales.<\/p>\n\n\n\n<p>Esta noche, una mujer fue atacada en pleno centro del municipio de Santo Domingo Tehuantepec, tras presunto asalto, y no hubo ni param\u00e9dicos ni ambulancias para trasladarla a un hospital.<\/p>\n\n\n\n<p>El ataque ocurri\u00f3 en la avenida 5 de Mayo, a unos metros del palacio municipal, cuya presidenta es la morenista Vilma Mart\u00ednez Cort\u00e9s, cuando la femenina, identificada como Yesenia R., sal\u00eda de una casa de empe\u00f1o.<\/p>\n\n\n\n<p>Fue abordada por un sujeto que la asalt\u00f3 y al oponer resistencia la mujer, fue baleada en el abdomen; pese a los gritos de decenas de personas, no lleg\u00f3 ninguna ambulancia por lo que en un veh\u00edculo particular fue trasladada a un hospital; varios polic\u00edas municipales \u00fanicamente arribaron como espectadores al lugar de la escena.<\/p>\n\n\n\n<p>EN JUCHIT\u00c1N<\/p>\n\n\n\n<p>Por la ma\u00f1ana, en el municipio de Juchit\u00e1n de Zaragoza fue ultimado un individuo identificado como Francisco M., a quien adem\u00e1s dejaron un mensaje en una cartulina, supuestamente por parte de un grupo del crimen organizado.<\/p>\n\n\n\n<p>La agresi\u00f3n armada ocurri\u00f3 a unos pasos de la escuela Secundaria T\u00e9cnica 103, en el barrio S\u00e9ptima Secci\u00f3n, donde sujetos armados lo ejecutaron y tras lo cual huyeron, sin que hubiera polic\u00edas municipales en la zona.<\/p>\n\n\n\n<p>El municipio es gobernado por el morenista Miguel S\u00e1nchez Altamirano, quien sucedi\u00f3 en el cargo a Emilio Montero P\u00e9rez, actual director del Instituto Estatal de Educaci\u00f3n P\u00fablica de Oaxaca.<\/p>\n","protected":false},"excerpt":{"rendered":"<p>Ismael Garc\u00eda M.\/Zona Roja. Oaxaca de Ju\u00e1rez, Oax., a 9 de febrero de 2024.- La&hellip;<\/p>\n","protected":false},"author":2,"featured_media":65146,"comment_status":"closed","ping_status":"open","sticky":false,"template":"","format":"standard","meta":{"_lmt_disableupdate":"","_lmt_disable":"","_jetpack_memberships_contains_paid_content":false,"footnotes":""},"categories":[109,51],"tags":[123,125],"class_list":["post-65145","post","type-post","status-publish","format-standard","has-post-thumbnail","hentry","category-minuto-a-minuto","category-zona-roja","tag-juchitan-de-zaragoza","tag-santo-domingo-tehuantepec"],"jetpack_featured_media_url":"https:\/\/zonaroja.com.mx\/wp-content\/uploads\/2024\/02\/Mujer-baleada-Juchitan.jpg","jetpack_sharing_enabled":true,"_links":{"self":[{"href":"https:\/\/zonaroja.com.mx\/index.php?rest_route=\/wp\/v2\/posts\/65145","targetHints":{"allow":["GET"]}}],"collection":[{"href":"https:\/\/zonaroja.com.mx\/index.php?rest_route=\/wp\/v2\/posts"}],"about":[{"href":"https:\/\/zonaroja.com.mx\/index.php?rest_route=\/wp\/v2\/types\/post"}],"author":[{"embeddable":true,"href":"https:\/\/zonaroja.com.mx\/index.php?rest_route=\/wp\/v2\/users\/2"}],"replies":[{"embeddable":true,"href":"https:\/\/zonaroja.com.mx\/index.php?rest_route=%2Fwp%2Fv2%2Fcomments&post=65145"}],"version-history":[{"count":1,"href":"https:\/\/zonaroja.com.mx\/index.php?rest_route=\/wp\/v2\/posts\/65145\/revisions"}],"predecessor-version":[{"id":65147,"href":"https:\/\/zonaroja.com.mx\/index.php?rest_route=\/wp\/v2\/posts\/65145\/revisions\/65147"}],"wp:featuredmedia":[{"embeddable":true,"href":"https:\/\/zonaroja.com.mx\/index.php?rest_route=\/wp\/v2\/media\/65146"}],"wp:attachment":[{"href":"https:\/\/zonaroja.com.mx\/index.php?rest_route=%2Fwp%2Fv2%2Fmedia&parent=65145"}],"wp:term":[{"taxonomy":"category","embeddable":true,"href":"https:\/\/zonaroja.com.mx\/index.php?rest_route=%2Fwp%2Fv2%2Fcategories&post=65145"},{"taxonomy":"post_tag","embeddable":true,"href":"https:\/\/zonaroja.com.mx\/index.php?rest_route=%2Fwp%2Fv2%2Ftags&post=65145"}],"curies":[{"name":"wp","href":"https:\/\/api.w.org\/{rel}","templated":true}]}}