{"id":65148,"date":"2024-02-10T07:42:00","date_gmt":"2024-02-10T13:42:00","guid":{"rendered":"http:\/\/www.zonaroja.com.mx\/?p=65148"},"modified":"2024-02-10T06:47:59","modified_gmt":"2024-02-10T12:47:59","slug":"matan-a-otro-politico-ahora-en-colima-incendian-restaurante-en-acapulco","status":"publish","type":"post","link":"https:\/\/zonaroja.com.mx\/?p=65148","title":{"rendered":"Matan a otro pol\u00edtico, ahora en Colima; incendian restaurante en Acapulco"},"content":{"rendered":"\n<p>Redacci\u00f3n\/Zona Roja Cdmx.<\/p>\n\n\n\n<p>Ciudad de M\u00e9xico, a 10 de febrero de 2024.- Los cr\u00edmenes de funcionarios y pol\u00edticos no cesan en M\u00e9xico.<\/p>\n\n\n\n<p>Ahora en el estado de Colima fue ultimado el secretario del ayuntamiento de Villa de \u00c1lvarez, Alfredo Ch\u00e1vez Gonz\u00e1lez, quien fue sorprendido en la calle por un grupo armado.<\/p>\n\n\n\n<p>De acuerdo con informaci\u00f3n publicada por \u201cLa Jornada\u201d, la v\u00edctima se encontraba caminando en el jard\u00edn de una colonia cuando se le acercaron varios sujetos y le dispararon para luego huir.<\/p>\n\n\n\n<p>Elementos de la Polic\u00eda Estatal Preventiva (PEP), Ej\u00e9rcito Mexicano y de la Guardia Nacional realizaron un operativo para dar con los responsables sin \u00e9xito.<\/p>\n\n\n\n<p>EN GUERRERO<\/p>\n\n\n\n<p>Por otra parte, la madrugada de ayer se suscit\u00f3 un incendio en el restaurante \u201cKalei\u201d, localizado en la playa El Morro, en la calle Hern\u00e1n Cort\u00e9s del fraccionamiento Magallanes, en la zona Dorada del puerto de Acapulco.<\/p>\n\n\n\n<p>Seg\u00fan informaci\u00f3n de \u201cLa Jornada\u201d, el siniestro fue reportado a las 5:40 de la ma\u00f1ana de este viernes y No se reportaron personas lesionadas.<\/p>\n\n\n\n<p>Se desconoce el origen del fuego, el cual quem\u00f3 principalmente el techo de palapa y concreto del establecimiento. Las primeras versiones se\u00f1alan que hombres desconocidos habr\u00edan provocado el incendio, el cual ocasion\u00f3 perdidas materiales parciales.<\/p>\n\n\n\n<p>EN GUANAJUATO<\/p>\n\n\n\n<p>Por otra parte, de acuerdo con una nota de \u201cEl Financiero\u201d, un ataque armado afuera de una escuela primaria de Celaya, Guanajuato, provoc\u00f3 momentos de terror a alumnos y maestros.<\/p>\n\n\n\n<p>Se sabe que sujetos armados atacaron a balazos a un hombre que iba caminando por la calle justamente frente a la escuela. Los sujetos desconocidos le dispararon con una arma de fuego al hombre en repetidas ocasiones, y enseguida huyeron a bordo de una motocicleta.<\/p>\n\n\n\n<p>La balacera alert\u00f3 a los alumnos y maestros de la escuela primaria \u201cEnrique Colunga\u201d, quienes atemorizados se tiraron en el piso de los salones hasta que cesaron los balazos.<\/p>\n\n\n\n<p>EN CHIAPAS<\/p>\n\n\n\n<p>Mientras tanto, durante las primeras horas de este viernes al menos 10 maestros biling\u00fces del municipio de Pantelh\u00f3, Chiapas, quedaron atrapados en sus aulas cuando se desat\u00f3 una intensa balacera entre integrantes del crimen organizado y un grupo de autodefensas.<\/p>\n\n\n\n<p>De acuerdo con informaci\u00f3n de Infobae M\u00e9xico, a trav\u00e9s de redes sociales los docentes de la delegaci\u00f3n D1-387 solicitaron ayuda pues al escuchar las primeras detonaciones ya se encontraban en las aulas y tuvieron que permanecer ah\u00ed durante las m\u00e1s de dos horas que dur\u00f3 la balacera hasta que los propios pobladores los ayudaron a salir y ponerse a salvo.<\/p>\n\n\n\n<p>Reportes de pobladores y de las autoridades locales confirmaron que el enfrentamiento comenz\u00f3 minutos despu\u00e9s de las 7:00 de la ma\u00f1ana y estuvo protagonizado por hombres de \u201cLos Herrera\u201d contra integrantes de la autodefensa conocida como \u201cEl Machete\u201d.<\/p>\n","protected":false},"excerpt":{"rendered":"<p>Redacci\u00f3n\/Zona Roja Cdmx. Ciudad de M\u00e9xico, a 10 de febrero de 2024.- Los cr\u00edmenes de&hellip;<\/p>\n","protected":false},"author":2,"featured_media":65149,"comment_status":"closed","ping_status":"open","sticky":false,"template":"","format":"standard","meta":{"_lmt_disableupdate":"","_lmt_disable":"","_jetpack_memberships_contains_paid_content":false,"footnotes":""},"categories":[109,51],"tags":[1746],"class_list":["post-65148","post","type-post","status-publish","format-standard","has-post-thumbnail","hentry","category-minuto-a-minuto","category-zona-roja","tag-violencia-en-mexico"],"jetpack_featured_media_url":"https:\/\/zonaroja.com.mx\/wp-content\/uploads\/2024\/02\/Asesinado-Colima-Villa-de-Alvarez.jpg","jetpack_sharing_enabled":true,"_links":{"self":[{"href":"https:\/\/zonaroja.com.mx\/index.php?rest_route=\/wp\/v2\/posts\/65148","targetHints":{"allow":["GET"]}}],"collection":[{"href":"https:\/\/zonaroja.com.mx\/index.php?rest_route=\/wp\/v2\/posts"}],"about":[{"href":"https:\/\/zonaroja.com.mx\/index.php?rest_route=\/wp\/v2\/types\/post"}],"author":[{"embeddable":true,"href":"https:\/\/zonaroja.com.mx\/index.php?rest_route=\/wp\/v2\/users\/2"}],"replies":[{"embeddable":true,"href":"https:\/\/zonaroja.com.mx\/index.php?rest_route=%2Fwp%2Fv2%2Fcomments&post=65148"}],"version-history":[{"count":1,"href":"https:\/\/zonaroja.com.mx\/index.php?rest_route=\/wp\/v2\/posts\/65148\/revisions"}],"predecessor-version":[{"id":65150,"href":"https:\/\/zonaroja.com.mx\/index.php?rest_route=\/wp\/v2\/posts\/65148\/revisions\/65150"}],"wp:featuredmedia":[{"embeddable":true,"href":"https:\/\/zonaroja.com.mx\/index.php?rest_route=\/wp\/v2\/media\/65149"}],"wp:attachment":[{"href":"https:\/\/zonaroja.com.mx\/index.php?rest_route=%2Fwp%2Fv2%2Fmedia&parent=65148"}],"wp:term":[{"taxonomy":"category","embeddable":true,"href":"https:\/\/zonaroja.com.mx\/index.php?rest_route=%2Fwp%2Fv2%2Fcategories&post=65148"},{"taxonomy":"post_tag","embeddable":true,"href":"https:\/\/zonaroja.com.mx\/index.php?rest_route=%2Fwp%2Fv2%2Ftags&post=65148"}],"curies":[{"name":"wp","href":"https:\/\/api.w.org\/{rel}","templated":true}]}}