{"id":6516,"date":"2019-12-09T19:56:38","date_gmt":"2019-12-10T01:56:38","guid":{"rendered":"http:\/\/www.zonaroja.com.mx\/?p=6516"},"modified":"2019-12-09T19:56:40","modified_gmt":"2019-12-10T01:56:40","slug":"transportistas-otra-vez-aplican-su-ley-con-bloqueos-la-semovi-pasiva","status":"publish","type":"post","link":"https:\/\/zonaroja.com.mx\/?p=6516","title":{"rendered":"Transportistas otra vez aplican su ley con bloqueos; la Semovi, pasiva"},"content":{"rendered":"\n<p>Redacci\u00f3n\/Zona Roja.<\/p>\n\n\n\n<p>Oaxaca de Ju\u00e1rez, Oax., 9 de diciembre de\n2019.- De nueva cuenta, transportistas de Oaxaca impusieron su ley, al efectuar\ndos bloqueos carreteros, sin que la Secretar\u00eda de Seguridad P\u00fablica y la\nSecretar\u00eda de Movilidad (Semovi) hayan actuado para aplicar sanciones.<\/p>\n\n\n\n<p>El primer caso ocurri\u00f3 en la v\u00eda federal 190,\nOaxaca-Istmo, en inmediaciones de San Francisco Tanivet, Tlacolula, en que concesionarios\ndel transporte en la modalidad de mototaxis bloquearon por varias horas el\ntr\u00e1nsito vehicular.<\/p>\n\n\n\n<p>Lo anterior, para exigir a la Polic\u00eda Vial y\na la Semovi la liberaci\u00f3n de 13 unidades del transporte de pasajeros, retenidas\npor irregulares el pasado 28 de noviembre.<\/p>\n\n\n\n<p>Aunado\na ello, protestaron en las oficinas de la Polic\u00eda Vial en Tlacolula y\nretuvieron a un delegado, para presionar; tras ello las autoridades estatales\noptaron por devolver los mototaxis retenidos.<\/p>\n\n\n\n<p>Otro\nbloqueo carretero ocurri\u00f3 en la v\u00eda federal 200 de la regi\u00f3n de la Costa, a la\naltura de los cruceros a El Ciruelo, Pinotepa Nacional, y a Santo Domingo\nArmenta.<\/p>\n\n\n\n<p>Los\nintegrantes del Frente de Transportistas de la Costa cerraron la vialidad por\nvarias horas, con lo cual impidieron el paso hacia el estado de Guerrero, para\nexigir tambi\u00e9n un alto a los operativos en contra de las unidades \u201cpirata\u201d.<\/p>\n\n\n\n<p>Ello,\nen rechazo a las camionetas de pasaje de la Alianza de Transportistas del\ndistrito de Jamiltepec.<\/p>\n","protected":false},"excerpt":{"rendered":"<p>Redacci\u00f3n\/Zona Roja. Oaxaca de Ju\u00e1rez, Oax., 9 de diciembre de 2019.- De nueva cuenta, transportistas&hellip;<\/p>\n","protected":false},"author":2,"featured_media":6517,"comment_status":"closed","ping_status":"open","sticky":false,"template":"","format":"standard","meta":{"_lmt_disableupdate":"","_lmt_disable":"","_jetpack_memberships_contains_paid_content":false,"footnotes":""},"categories":[109,47],"tags":[624],"class_list":["post-6516","post","type-post","status-publish","format-standard","has-post-thumbnail","hentry","category-minuto-a-minuto","category-zona-gris","tag-secretaria-de-movilidad"],"jetpack_featured_media_url":"https:\/\/zonaroja.com.mx\/wp-content\/uploads\/2019\/12\/b761ee15-26a1-4d35-a3b0-6583de79459d.jpg","jetpack_sharing_enabled":true,"_links":{"self":[{"href":"https:\/\/zonaroja.com.mx\/index.php?rest_route=\/wp\/v2\/posts\/6516","targetHints":{"allow":["GET"]}}],"collection":[{"href":"https:\/\/zonaroja.com.mx\/index.php?rest_route=\/wp\/v2\/posts"}],"about":[{"href":"https:\/\/zonaroja.com.mx\/index.php?rest_route=\/wp\/v2\/types\/post"}],"author":[{"embeddable":true,"href":"https:\/\/zonaroja.com.mx\/index.php?rest_route=\/wp\/v2\/users\/2"}],"replies":[{"embeddable":true,"href":"https:\/\/zonaroja.com.mx\/index.php?rest_route=%2Fwp%2Fv2%2Fcomments&post=6516"}],"version-history":[{"count":1,"href":"https:\/\/zonaroja.com.mx\/index.php?rest_route=\/wp\/v2\/posts\/6516\/revisions"}],"predecessor-version":[{"id":6518,"href":"https:\/\/zonaroja.com.mx\/index.php?rest_route=\/wp\/v2\/posts\/6516\/revisions\/6518"}],"wp:featuredmedia":[{"embeddable":true,"href":"https:\/\/zonaroja.com.mx\/index.php?rest_route=\/wp\/v2\/media\/6517"}],"wp:attachment":[{"href":"https:\/\/zonaroja.com.mx\/index.php?rest_route=%2Fwp%2Fv2%2Fmedia&parent=6516"}],"wp:term":[{"taxonomy":"category","embeddable":true,"href":"https:\/\/zonaroja.com.mx\/index.php?rest_route=%2Fwp%2Fv2%2Fcategories&post=6516"},{"taxonomy":"post_tag","embeddable":true,"href":"https:\/\/zonaroja.com.mx\/index.php?rest_route=%2Fwp%2Fv2%2Ftags&post=6516"}],"curies":[{"name":"wp","href":"https:\/\/api.w.org\/{rel}","templated":true}]}}