{"id":65165,"date":"2024-02-10T20:25:13","date_gmt":"2024-02-11T02:25:13","guid":{"rendered":"http:\/\/www.zonaroja.com.mx\/?p=65165"},"modified":"2024-02-10T20:25:16","modified_gmt":"2024-02-11T02:25:16","slug":"sin-freno-asesinatos-politicos-hoy-dos-casos-otro-de-la-familia-monreal","status":"publish","type":"post","link":"https:\/\/zonaroja.com.mx\/?p=65165","title":{"rendered":"Sin freno, asesinatos pol\u00edticos; hoy dos casos, otro de la familia Monreal"},"content":{"rendered":"\n<p>Redacci\u00f3n\/Zona Roja Cdmx.<\/p>\n\n\n\n<p>Ciudad de M\u00e9xico, a 10 de febrero de 2024.- Civiles armados asesinaron la ma\u00f1ana de este s\u00e1bado a Jorge Antonio Monreal Mart\u00ednez, cuando se encontraba en su domicilio en la comunidad de Plateros, en Fresnillo, Zacatecas.<\/p>\n\n\n\n<p>Monreal Mart\u00ednez se desempe\u00f1aba como auxiliar en la Direcci\u00f3n de Desarrollo Social del ayuntamiento y es sobrino de la familia Monreal \u00c1vila, Ricardo el senador y David el gobernador.<\/p>\n\n\n\n<p>En el ataque fue herido un menor de edad, identificado como hijo de la v\u00edctima.<\/p>\n\n\n\n<p>El hecho fue confirmado por Rodrigo Reyes Mug\u00fcerza, secretario general de Gobierno, a trav\u00e9s de su cuenta en redes sociales.<\/p>\n\n\n\n<p>EN EDOMEX<\/p>\n\n\n\n<p>En Ecatepec, Estado de M\u00e9xico, ultimaron a balazos a Yair Mart\u00edn Romero Segura y su hermano Joan, quienes quedaron tendidos en una de las calles de la comunidad de Santa Clara.<\/p>\n\n\n\n<p>En la esquina conformada por Miguel Hidalgo y Costilla y Jos\u00e9 Mar\u00eda Morelos y Pav\u00f3n, fue asesinado a balazos, Yair Mart\u00edn Romero, aspirante a diputado federal del Distrito 16 de Ecatepec y Tlalnepantla, representando al partido Movimiento Regeneraci\u00f3n Nacional (Morena).<\/p>\n\n\n\n<p>Tambi\u00e9n muri\u00f3 baleado su hermano Joan Mart\u00edn Romero Segura y ambos fueron atacados con un arma punzo cortante.<\/p>\n\n\n\n<p>Yair Mart\u00edn Romero Segura, tambi\u00e9n conocido como \u201cEl Chorongo\u201d, recientemente se hab\u00eda registrado como aspirante a una diputaci\u00f3n federal representando al partido de la 4T y trabajaba con el tambi\u00e9n aspirante, a la presidencia municipal de Ecatepec, el Primer Regidor, Ernesto Santill\u00e1n Ram\u00edrez.<\/p>\n\n\n\n<p>(Informaci\u00f3n de \u201cEl Financiero\u201d)<\/p>\n","protected":false},"excerpt":{"rendered":"<p>Redacci\u00f3n\/Zona Roja Cdmx. Ciudad de M\u00e9xico, a 10 de febrero de 2024.- Civiles armados asesinaron&hellip;<\/p>\n","protected":false},"author":2,"featured_media":64184,"comment_status":"closed","ping_status":"open","sticky":false,"template":"","format":"standard","meta":{"_lmt_disableupdate":"","_lmt_disable":"","_jetpack_memberships_contains_paid_content":false,"footnotes":""},"categories":[109,51],"tags":[583],"class_list":["post-65165","post","type-post","status-publish","format-standard","has-post-thumbnail","hentry","category-minuto-a-minuto","category-zona-roja","tag-ricardo-monreal"],"jetpack_featured_media_url":"https:\/\/zonaroja.com.mx\/wp-content\/uploads\/2024\/01\/Crimen-violencia-escena.jpeg","jetpack_sharing_enabled":true,"_links":{"self":[{"href":"https:\/\/zonaroja.com.mx\/index.php?rest_route=\/wp\/v2\/posts\/65165","targetHints":{"allow":["GET"]}}],"collection":[{"href":"https:\/\/zonaroja.com.mx\/index.php?rest_route=\/wp\/v2\/posts"}],"about":[{"href":"https:\/\/zonaroja.com.mx\/index.php?rest_route=\/wp\/v2\/types\/post"}],"author":[{"embeddable":true,"href":"https:\/\/zonaroja.com.mx\/index.php?rest_route=\/wp\/v2\/users\/2"}],"replies":[{"embeddable":true,"href":"https:\/\/zonaroja.com.mx\/index.php?rest_route=%2Fwp%2Fv2%2Fcomments&post=65165"}],"version-history":[{"count":1,"href":"https:\/\/zonaroja.com.mx\/index.php?rest_route=\/wp\/v2\/posts\/65165\/revisions"}],"predecessor-version":[{"id":65167,"href":"https:\/\/zonaroja.com.mx\/index.php?rest_route=\/wp\/v2\/posts\/65165\/revisions\/65167"}],"wp:featuredmedia":[{"embeddable":true,"href":"https:\/\/zonaroja.com.mx\/index.php?rest_route=\/wp\/v2\/media\/64184"}],"wp:attachment":[{"href":"https:\/\/zonaroja.com.mx\/index.php?rest_route=%2Fwp%2Fv2%2Fmedia&parent=65165"}],"wp:term":[{"taxonomy":"category","embeddable":true,"href":"https:\/\/zonaroja.com.mx\/index.php?rest_route=%2Fwp%2Fv2%2Fcategories&post=65165"},{"taxonomy":"post_tag","embeddable":true,"href":"https:\/\/zonaroja.com.mx\/index.php?rest_route=%2Fwp%2Fv2%2Ftags&post=65165"}],"curies":[{"name":"wp","href":"https:\/\/api.w.org\/{rel}","templated":true}]}}