{"id":65169,"date":"2024-02-11T07:36:00","date_gmt":"2024-02-11T13:36:00","guid":{"rendered":"http:\/\/www.zonaroja.com.mx\/?p=65169"},"modified":"2024-02-11T06:42:52","modified_gmt":"2024-02-11T12:42:52","slug":"limpia-en-zacatecas-contra-los-monreal-avila","status":"publish","type":"post","link":"https:\/\/zonaroja.com.mx\/?p=65169","title":{"rendered":"\u00bfLimpia en Zacatecas contra los Monreal \u00c1vila?"},"content":{"rendered":"\n<p>Redacci\u00f3n\/Zona Roja Cdmx. Foto: El Financiero.<\/p>\n\n\n\n<p>Ciudad de M\u00e9xico, a 11 de febrero de 2024.- La muerte de dos familiares del senador Ricardo Monreal y el gobernador David Monreal, generaron consternaci\u00f3n entre la sociedad pero, sobre todo, en la clase pol\u00edtica local.<\/p>\n\n\n\n<p>El mi\u00e9rcoles pasado, Juan P\u00e9rez Guardado, cu\u00f1ado del legislado federal, fue abatido cuando realizaba una brigada de limpieza en las inmediaciones del centro de Fresnillo.<\/p>\n\n\n\n<p>EL CU\u00d1ADO<\/p>\n\n\n\n<p>Quien fuera Director de Desarrollo Social del ayuntamiento se encontraba acompa\u00f1ado por trabajadores cuando fue abatido a balazos por civiles armados.<\/p>\n\n\n\n<p>Hermano de Mar\u00eda de Jes\u00fas P\u00e9rez, esposa del senador Ricardo Monreal, era la segunda ocasi\u00f3n que el occiso desempe\u00f1aba ese cargo.<\/p>\n\n\n\n<p>La primera ocasi\u00f3n fue en la administraci\u00f3n 2010-2013, encabezada por el petista Juan Garc\u00eda P\u00e1ez.<\/p>\n\n\n\n<p>Adem\u00e1s, desempe\u00f1\u00f3 diversos cargos partidistas en el Movimiento de Regeneraci\u00f3n Nacional (Morena) dentro y fuera del estado, incluida una delegaci\u00f3n partidista en el Estado de M\u00e9xico.<\/p>\n\n\n\n<p>En 2021 fue el coordinador pol\u00edtico de la campa\u00f1a de Sa\u00fal Monreal \u00c1vila a la presidencia municipal, a quien apoyaba en busca de la candidatura a la C\u00e1mara Alta.<\/p>\n\n\n\n<p>P\u00e9rez Guardado era considerado un operador pol\u00edtico en Fresnillo y manten\u00eda aspiraciones pol\u00edticas en este 2024 en busca de un cargo de representaci\u00f3n popular.<\/p>\n\n\n\n<p>EL SOBRINO<\/p>\n\n\n\n<p>Este s\u00e1bado fue v\u00edctima de la delincuencia Jorge Antonio Monreal Mart\u00ednez, quien trabajaba en la Direcci\u00f3n de Desarrollo Social bajo las \u00f3rdenes, hasta el pasado mi\u00e9rcoles, de Juan P\u00e9rez Guardado.<\/p>\n\n\n\n<p>Su padre, Juan Antonio Monreal Moreno, es primo de la familia Monreal \u00c1vila; fue regidor en Fresnillo durante la administraci\u00f3n 2010-2013 y actualmente se desempe\u00f1a como Coordinador de Delegaciones en el gobierno municipal.<\/p>\n\n\n\n<p>El gobernador David Monreal \u00c1vila escribi\u00f3 en sus redes sociales:<\/p>\n\n\n\n<p>\u201cAnte los tr\u00e1gicos sucesos de esta semana, en los que ciudadanos y familiares fueron asesinados, les expreso a las y los zacatecanos que no habr\u00e1 impunidad, seguiremos luchando por la pacificaci\u00f3n en Zacatecas\u201d.<\/p>\n\n\n\n<p>El secretario de Seguridad P\u00fablica (SPPZ), Arturo Medina Mayoral, anunci\u00f3 que las operaciones de la dependencia se desplazar\u00e1 a Fresnillo hasta aclarar los hechos sucedidos en las \u00faltimas horas.<\/p>\n\n\n\n<p>(Informaci\u00f3n de \u201cEl Financiero\u201d)<\/p>\n","protected":false},"excerpt":{"rendered":"<p>Redacci\u00f3n\/Zona Roja Cdmx. Foto: El Financiero. Ciudad de M\u00e9xico, a 11 de febrero de 2024.-&hellip;<\/p>\n","protected":false},"author":2,"featured_media":65170,"comment_status":"closed","ping_status":"open","sticky":false,"template":"","format":"standard","meta":{"_lmt_disableupdate":"","_lmt_disable":"","_jetpack_memberships_contains_paid_content":false,"footnotes":""},"categories":[109,47],"tags":[583],"class_list":["post-65169","post","type-post","status-publish","format-standard","has-post-thumbnail","hentry","category-minuto-a-minuto","category-zona-gris","tag-ricardo-monreal"],"jetpack_featured_media_url":"https:\/\/zonaroja.com.mx\/wp-content\/uploads\/2024\/02\/Famillia-Monreal-Avila-asesinatos.jpeg","jetpack_sharing_enabled":true,"_links":{"self":[{"href":"https:\/\/zonaroja.com.mx\/index.php?rest_route=\/wp\/v2\/posts\/65169","targetHints":{"allow":["GET"]}}],"collection":[{"href":"https:\/\/zonaroja.com.mx\/index.php?rest_route=\/wp\/v2\/posts"}],"about":[{"href":"https:\/\/zonaroja.com.mx\/index.php?rest_route=\/wp\/v2\/types\/post"}],"author":[{"embeddable":true,"href":"https:\/\/zonaroja.com.mx\/index.php?rest_route=\/wp\/v2\/users\/2"}],"replies":[{"embeddable":true,"href":"https:\/\/zonaroja.com.mx\/index.php?rest_route=%2Fwp%2Fv2%2Fcomments&post=65169"}],"version-history":[{"count":1,"href":"https:\/\/zonaroja.com.mx\/index.php?rest_route=\/wp\/v2\/posts\/65169\/revisions"}],"predecessor-version":[{"id":65171,"href":"https:\/\/zonaroja.com.mx\/index.php?rest_route=\/wp\/v2\/posts\/65169\/revisions\/65171"}],"wp:featuredmedia":[{"embeddable":true,"href":"https:\/\/zonaroja.com.mx\/index.php?rest_route=\/wp\/v2\/media\/65170"}],"wp:attachment":[{"href":"https:\/\/zonaroja.com.mx\/index.php?rest_route=%2Fwp%2Fv2%2Fmedia&parent=65169"}],"wp:term":[{"taxonomy":"category","embeddable":true,"href":"https:\/\/zonaroja.com.mx\/index.php?rest_route=%2Fwp%2Fv2%2Fcategories&post=65169"},{"taxonomy":"post_tag","embeddable":true,"href":"https:\/\/zonaroja.com.mx\/index.php?rest_route=%2Fwp%2Fv2%2Ftags&post=65169"}],"curies":[{"name":"wp","href":"https:\/\/api.w.org\/{rel}","templated":true}]}}