{"id":65172,"date":"2024-02-11T08:42:00","date_gmt":"2024-02-11T14:42:00","guid":{"rendered":"http:\/\/www.zonaroja.com.mx\/?p=65172"},"modified":"2024-02-11T06:53:31","modified_gmt":"2024-02-11T12:53:31","slug":"activistas-consideran-desproporcionada-sentencia-contra-opositor-al-interoceanico","status":"publish","type":"post","link":"https:\/\/zonaroja.com.mx\/?p=65172","title":{"rendered":"Activistas consideran desproporcionada sentencia contra opositor al Interoce\u00e1nico"},"content":{"rendered":"\n<p>Ismael Garc\u00eda M.\/Zona Roja.<\/p>\n\n\n\n<p>Oaxaca de Ju\u00e1rez, Oax., a 11 de febrero de 2024.- La Asamblea Comunitaria de Puente Madera y la Asamblea de los Pueblos Ind\u00edgenas del Istmo en Defensa de la Tierra y el Territorio consideraron desproporcionada la sentencia en contra del activista David Hern\u00e1ndez Salazar, a quienes sentenciaron a 46 a\u00f1os y medio de prisi\u00f3n.<\/p>\n\n\n\n<p>El fallo ocurri\u00f3 la semana pasada en contra de uno de los opositores al Corredor Interoce\u00e1nico del Istmo de Tehuantepec, a quien adem\u00e1s le impusieron una multa de 182 mil 818 pesos y un pago de reparaci\u00f3n de da\u00f1os por la cantidad de un mill\u00f3n de pesos.<\/p>\n\n\n\n<p>\u201cEl 7 de febrero, despu\u00e9s que el Ministerio P\u00fablico de Tehuantepec presentar\u00e1 su dictamen de delitos y sanciones, el Juez de Distrito encargado de dictar sentencia, ambas autoridades ignoraron y desecharon por completo la informaci\u00f3n arrojada durante los d\u00edas de debate que demuestra la inocencia de David, como son los peritajes presentados como parte de la defensa y las contradicciones de los testigos de la parte demandante.<\/p>\n\n\n\n<p>\u201cEn este sentido, decidieron incriminarlo de delitos fundamentados en falsas acusaciones y declaraciones inconsistentes. Esto deja claro la corrupci\u00f3n y colusi\u00f3n de las autoridades del Poder Judicial con grupos pol\u00edticos y empresariales de la regi\u00f3n vinculados al crimen organizado, a quienes les estorban las personas defensoras del territorio y pretenden callarlas con prisi\u00f3n, desapareciendo o asesin\u00e1ndolas\u201d, se\u00f1alaron en un comunicado.<\/p>\n\n\n\n<p>Hern\u00e1ndez Salazar es representante de la comunidad binniz\u00e1 de Puente Madera, municipio de San Blas Atempa, que se opone a la instalaci\u00f3n de un Polo de Desarrollo industrial del Corredor Interoce\u00e1nico en el cerro \u201cEl Pitayal\u201d.<\/p>\n\n\n\n<p>Seg\u00fan las organizaciones, ha sido criminalizado desde el a\u00f1o 2017 en su lucha por la defensa de las tierras de uso com\u00fan de \u201cEl Pitayal\u201d por lo cual enfrenta tres procesos judiciales.&nbsp;<\/p>\n\n\n\n<p>A inicios de 2022 dio comienzo la Causa Penal 446\/2022, haciendo efecto el 16 de enero de 2023 con su detenci\u00f3n y abriendo la carpeta de investigaci\u00f3n la cual es motivo del presente la denuncia.<\/p>\n\n\n\n<p>Mientras que en octubre de 2023 se le notifica de una nueva demanda federal, cuya audiencia inicial dar\u00e1 el pr\u00f3ximo 21 de febrero.&nbsp;<\/p>\n","protected":false},"excerpt":{"rendered":"<p>Ismael Garc\u00eda M.\/Zona Roja. Oaxaca de Ju\u00e1rez, Oax., a 11 de febrero de 2024.- La&hellip;<\/p>\n","protected":false},"author":2,"featured_media":50576,"comment_status":"closed","ping_status":"open","sticky":false,"template":"","format":"standard","meta":{"_lmt_disableupdate":"","_lmt_disable":"","_jetpack_memberships_contains_paid_content":false,"footnotes":""},"categories":[109,47],"tags":[3400],"class_list":["post-65172","post","type-post","status-publish","format-standard","has-post-thumbnail","hentry","category-minuto-a-minuto","category-zona-gris","tag-puente-madera-san-blas-atempa"],"jetpack_featured_media_url":"https:\/\/zonaroja.com.mx\/wp-content\/uploads\/2023\/01\/David-Hernandez-Salazar-Puente-Madera.jpg","jetpack_sharing_enabled":true,"_links":{"self":[{"href":"https:\/\/zonaroja.com.mx\/index.php?rest_route=\/wp\/v2\/posts\/65172","targetHints":{"allow":["GET"]}}],"collection":[{"href":"https:\/\/zonaroja.com.mx\/index.php?rest_route=\/wp\/v2\/posts"}],"about":[{"href":"https:\/\/zonaroja.com.mx\/index.php?rest_route=\/wp\/v2\/types\/post"}],"author":[{"embeddable":true,"href":"https:\/\/zonaroja.com.mx\/index.php?rest_route=\/wp\/v2\/users\/2"}],"replies":[{"embeddable":true,"href":"https:\/\/zonaroja.com.mx\/index.php?rest_route=%2Fwp%2Fv2%2Fcomments&post=65172"}],"version-history":[{"count":1,"href":"https:\/\/zonaroja.com.mx\/index.php?rest_route=\/wp\/v2\/posts\/65172\/revisions"}],"predecessor-version":[{"id":65173,"href":"https:\/\/zonaroja.com.mx\/index.php?rest_route=\/wp\/v2\/posts\/65172\/revisions\/65173"}],"wp:featuredmedia":[{"embeddable":true,"href":"https:\/\/zonaroja.com.mx\/index.php?rest_route=\/wp\/v2\/media\/50576"}],"wp:attachment":[{"href":"https:\/\/zonaroja.com.mx\/index.php?rest_route=%2Fwp%2Fv2%2Fmedia&parent=65172"}],"wp:term":[{"taxonomy":"category","embeddable":true,"href":"https:\/\/zonaroja.com.mx\/index.php?rest_route=%2Fwp%2Fv2%2Fcategories&post=65172"},{"taxonomy":"post_tag","embeddable":true,"href":"https:\/\/zonaroja.com.mx\/index.php?rest_route=%2Fwp%2Fv2%2Ftags&post=65172"}],"curies":[{"name":"wp","href":"https:\/\/api.w.org\/{rel}","templated":true}]}}