{"id":65174,"date":"2024-02-11T10:00:00","date_gmt":"2024-02-11T16:00:00","guid":{"rendered":"http:\/\/www.zonaroja.com.mx\/?p=65174"},"modified":"2024-02-11T07:22:42","modified_gmt":"2024-02-11T13:22:42","slug":"cisma-en-sindicato-universitario-de-maestros-de-la-uabjo-quitan-a-secretario-general","status":"publish","type":"post","link":"https:\/\/zonaroja.com.mx\/?p=65174","title":{"rendered":"Cisma en Sindicato Universitario de Maestros de la UABJO; quitan a secretario general\u00a0"},"content":{"rendered":"\n<p>Ismael Garc\u00eda M.\/Zona Roja.<\/p>\n\n\n\n<p>Oaxaca de Ju\u00e1rez, Oax., a 11 de febrero de 2024.- Integrantes del comit\u00e9 ejecutivo del Sindicato Universitario de Maestros (SUMA) desconocieron a su secretario general Florencio Garc\u00eda Estrada y acusaron a un funcionario de la Secretar\u00eda de Gobierno (Sego) de desestabilizar la UABJO.<\/p>\n\n\n\n<p>En un comunicado, firmado tambi\u00e9n por varios docentes de la Universidad Aut\u00f3noma \u201cBenito Ju\u00e1rez\u201d de Oaxaca, destacaron que por quitar al representante sindical, se desataron diversas acciones de supuesta protesta con el uso de \u201cporros\u201d, que iniciaron en la Escuela Preparatoria 7.<\/p>\n\n\n\n<p>En un comunicado, destacaron que a un a\u00f1o que Florencio Garc\u00eda fuera designado como secretario General, nunca cit\u00f3 a asambleas y los miembros del comit\u00e9 ejecutivo fueron ignorados; no sabemos nada de las cuotas sindicales, ni de los apoyos econ\u00f3micos otorgados por la Rector\u00eda de la Universidad, los muebles de la oficina est\u00e1n descompuestos, no existe archivo, ni informe de las finanzas del Sindicato, no tenemos dinero ni para pagar el impuesto predial, el servicio de luz el\u00e9ctrica y agua potable y el aseo de las oficinas las hacemos los miembros del Comit\u00e9 Ejecutivo.&nbsp;<\/p>\n\n\n\n<p>Por ello, el pasado 13 de diciembre se notific\u00f3 de estas irregularidades a la Comisi\u00f3n de Honor y Justicia del sindicato y el d\u00eda 19 del mismo mes fue citado el a\u00fan secretario General de SUMA.<\/p>\n\n\n\n<p>El 9 de enero de este a\u00f1o la Comisi\u00f3n de Honor y Justicia emiti\u00f3 su resoluci\u00f3n, removiendo del cargo del cargo a Florencio Garc\u00eda Estrada, \u201cpor no cumplir con las obligaciones que le impone la Ley Federal del Trabajo y los estatutos del Sindicato\u201d.&nbsp;<\/p>\n\n\n\n<p>Tras ello, la mayor\u00eda de los integrantes del gremio citaron a asamblea extraordinaria y el 6 de febrero fue ratificada la resoluci\u00f3n, por lo cual se notific\u00f3 a las autoridades federales laborales.<\/p>\n\n\n\n<p>\u201cEl procedimiento interno de remoci\u00f3n se llev\u00f3 a cabo en total apego a las formalidades esenciales del procedimiento y los extremos que<\/p>\n\n\n\n<p>exige la normatividad laboral\u201d.<\/p>\n\n\n\n<p>Sin embargo, el SUMA \u201crecibi\u00f3 como respuesta a este hecho de autonom\u00eda sindical, el embate de Carlos P\u00e9rez Campos Mayoral, subsecretario del Gobierno del Estado, quien coludido con Florencio Garc\u00eda Estrada y Mar\u00eda del Refugio Caballero Merlin, tomaron violentamente las instalaciones de la Escuela Preparatoria 7; este hecho fue corroborado con la presencia de Florencio Garc\u00eda Estrada, quien asisti\u00f3 todos los d\u00edas a entregar alimentos y dinero a los \u2018porros\u2019 que ten\u00edan tomada la Preparatoria 7\u201d.<\/p>\n\n\n\n<p>Asimismo, acusaron a P\u00e9rez Campos, as\u00ed como a Luis Abel Solano Santiago, director de la Facultad de Cultura F\u00edsica y Deporte, y Roc\u00edo Mart\u00ednez Helmes, directora de la Facultad de Derecho y Ciencias Sociales, de ejercer violencia personal, pol\u00edtica de g\u00e9nero y despido injustificado contra Sonia Lorena Ram\u00edrez P\u00e9rez, quien se desempe\u00f1aba como coordinadora de Deportes en la Facultad de Derecho.<\/p>\n\n\n\n<p>\u201cEstas mismas personas, han iniciado una campa\u00f1a difamatoria en contra de Eduardo Martinez Helmes, para sin fundamento alguno responsabilizarlo de los conflictos que suceden en la Universidad y as\u00ed lograr que pueda ser detenido, usando para ello las influencias del cargo p\u00fablico que el primero de ellos ostenta en el Gobierno del Estado.<\/p>\n\n\n\n<p>\u201cEstos conflictos est\u00e1n relacionados y en todos ellos aparece la mano tenebrosa de estos personajes\u201d, remarcaron, al lamentar tambi\u00e9n las acciones en contra de los docentes Irma Yolanda Ortiz Acosta y Sonia Lorena Ramirez P\u00e9rez, a quienes manifestaron todo su respaldo.<\/p>\n","protected":false},"excerpt":{"rendered":"<p>Ismael Garc\u00eda M.\/Zona Roja. Oaxaca de Ju\u00e1rez, Oax., a 11 de febrero de 2024.- Integrantes&hellip;<\/p>\n","protected":false},"author":2,"featured_media":65175,"comment_status":"closed","ping_status":"open","sticky":false,"template":"","format":"standard","meta":{"_lmt_disableupdate":"","_lmt_disable":"","_jetpack_memberships_contains_paid_content":false,"footnotes":""},"categories":[109,47],"tags":[3845],"class_list":["post-65174","post","type-post","status-publish","format-standard","has-post-thumbnail","hentry","category-minuto-a-minuto","category-zona-gris","tag-sindicato-universitario-de-maestros-suma"],"jetpack_featured_media_url":"https:\/\/zonaroja.com.mx\/wp-content\/uploads\/2024\/02\/SUMA-Sindicato-Universitario-de-Maestros.jpeg","jetpack_sharing_enabled":true,"_links":{"self":[{"href":"https:\/\/zonaroja.com.mx\/index.php?rest_route=\/wp\/v2\/posts\/65174","targetHints":{"allow":["GET"]}}],"collection":[{"href":"https:\/\/zonaroja.com.mx\/index.php?rest_route=\/wp\/v2\/posts"}],"about":[{"href":"https:\/\/zonaroja.com.mx\/index.php?rest_route=\/wp\/v2\/types\/post"}],"author":[{"embeddable":true,"href":"https:\/\/zonaroja.com.mx\/index.php?rest_route=\/wp\/v2\/users\/2"}],"replies":[{"embeddable":true,"href":"https:\/\/zonaroja.com.mx\/index.php?rest_route=%2Fwp%2Fv2%2Fcomments&post=65174"}],"version-history":[{"count":1,"href":"https:\/\/zonaroja.com.mx\/index.php?rest_route=\/wp\/v2\/posts\/65174\/revisions"}],"predecessor-version":[{"id":65176,"href":"https:\/\/zonaroja.com.mx\/index.php?rest_route=\/wp\/v2\/posts\/65174\/revisions\/65176"}],"wp:featuredmedia":[{"embeddable":true,"href":"https:\/\/zonaroja.com.mx\/index.php?rest_route=\/wp\/v2\/media\/65175"}],"wp:attachment":[{"href":"https:\/\/zonaroja.com.mx\/index.php?rest_route=%2Fwp%2Fv2%2Fmedia&parent=65174"}],"wp:term":[{"taxonomy":"category","embeddable":true,"href":"https:\/\/zonaroja.com.mx\/index.php?rest_route=%2Fwp%2Fv2%2Fcategories&post=65174"},{"taxonomy":"post_tag","embeddable":true,"href":"https:\/\/zonaroja.com.mx\/index.php?rest_route=%2Fwp%2Fv2%2Ftags&post=65174"}],"curies":[{"name":"wp","href":"https:\/\/api.w.org\/{rel}","templated":true}]}}