{"id":65177,"date":"2024-02-11T11:00:00","date_gmt":"2024-02-11T17:00:00","guid":{"rendered":"http:\/\/www.zonaroja.com.mx\/?p=65177"},"modified":"2024-02-11T07:31:25","modified_gmt":"2024-02-11T13:31:25","slug":"medicos-llaman-al-presidente-biden-a-someterse-a-pruebas-mentales","status":"publish","type":"post","link":"https:\/\/zonaroja.com.mx\/?p=65177","title":{"rendered":"M\u00e9dicos llaman al Presidente Biden a someterse a pruebas mentales"},"content":{"rendered":"\n<p>Redacci\u00f3n\/Zona Roja Cdmx.<\/p>\n\n\n\n<p>Ciudad de M\u00e9xico, a 11 de febrero de 2024.- El estado de salud del presidente de Estados Unidos, Joe Biden, ha preocupado a los profesionales m\u00e9dicos, qui\u00e9nes han intensificado los llamamientos para que el mandatario norteamericano se someta a pruebas de competencia mental despu\u00e9s de que el 8 de febrero el fiscal especial Robert Hur revelara que el hombre de 81 a\u00f1os no puede recordar hechos b\u00e1sicos de su vida y profesi\u00f3n.&nbsp;<\/p>\n\n\n\n<p>El informe de Hur, publicado el jueves, evalu\u00f3 que Biden era demasiado senil para ser procesado por su retenci\u00f3n indebida de documentos clasificados y se\u00f1al\u00f3 que el comandante en jefe \u00abno recordaba cu\u00e1ndo era vicepresidente\u00bb y \u00abno recordaba, ni siquiera dentro de varios a\u00f1os, cu\u00e1ndo muri\u00f3 su hijo Beau\u00bb durante dos d\u00edas de entrevistas en octubre, de acuerdo al diario \u201cThe New York Post\u201d.<\/p>\n\n\n\n<p>\u00abAlgo no est\u00e1 bien, e incluso si es menor, debe explicarse al p\u00fablico\u00bb, dijo el doctor Stuart Fischer, m\u00e9dico de atenci\u00f3n primaria en un hogar de ancianos en el Bronx.<\/p>\n\n\n\n<p>\u00abEl caballo est\u00e1 fuera del establo. No solo (Biden) tiene una enfermedad de alg\u00fan grado, sino que se ha demorado en producir evidencia objetiva\u00bb, agreg\u00f3 el experto en medicina interna, argumentando que \u00abnadie est\u00e1 comprando\u00bb las defensas del presidente sobre su memoria.<\/p>\n\n\n\n<p>El presidente estadunidense ha sido el mandatario con mayor edad en la historia de Estados Unidos, sin embargo, Biden se ha negado a someterse a<\/p>\n\n\n\n<p>pruebas de agudeza mental a pesar de los llamamientos de sus cr\u00edticos para que lo hagan.&nbsp;<\/p>\n\n\n\n<p>Tanto la vocera de la Casa Blanca, Karine Jean-Pierre, como Ian Sams, asesor del mandatario, quisieron centrar este viernes el foco en la conclusi\u00f3n principal del informe: que Biden no tom\u00f3 de forma intencionada documentos clasificados y que tampoco los comparti\u00f3.<\/p>\n\n\n\n<p>La parte referente a su memoria, precis\u00f3 Jean-Pierre, \u00abno se ajusta a la realidad\u00bb: \u00abEs gratuita e inaceptable. El caso est\u00e1 cerrado\u00bb, dijo en una conferencia de prensa que tuvo alusiones constantes a su capacidad para ejercer.<\/p>\n\n\n\n<p>La vocera destac\u00f3 que Biden es consciente de lo que se dice de \u00e9l y es el primero en bromear sobre su edad.<\/p>\n\n\n\n<p>Entiende lo que los votantes puedan pensar, dijo, pero en el fondo de la cuesti\u00f3n, a su juicio, lo importante es que \u00abes un presidente que ha ofrecido resultados y que lo seguir\u00e1 haciendo para los estadounidenses\u00bb.<\/p>\n\n\n\n<p>La vicepresidenta, Kamala Harris, ha manifestado que el informe ten\u00eda \u00abmotivaciones pol\u00edticas\u00bb, y el asesor de Biden ha dejado caer, en referencia a Hur, que \u00abcuando eres el primer fiscal especial de la historia que no acusa a nadie, hay presi\u00f3n para criticar y hacer declaraciones que tal vez de otro modo no har\u00edas\u201d.<\/p>\n\n\n\n<p>El caso se ha magnificado en pleno a\u00f1o electoral. Biden no tiene rivales de peso en el bando dem\u00f3crata de cara a las presidenciales de noviembre y el exmandatario Donald Trump (2017-2021) es el favorito para hacerse con la nominaci\u00f3n republicana.<\/p>\n\n\n\n<p>Joe Biden afirm\u00f3 que su memoria \u00abest\u00e1 bien\u00bb despu\u00e9s de que el fiscal especial, Robert Hur, concluyera horas antes que el mandatario retuvo intencionadamente documentos clasificados de su \u00e9poca como vicepresidente, pero decidiera no presentar cargos en su contra.<\/p>\n\n\n\n<p>(Informaci\u00f3n de \u201cMilenio\u201d)<\/p>\n","protected":false},"excerpt":{"rendered":"<p>Redacci\u00f3n\/Zona Roja Cdmx. Ciudad de M\u00e9xico, a 11 de febrero de 2024.- El estado de&hellip;<\/p>\n","protected":false},"author":2,"featured_media":65178,"comment_status":"closed","ping_status":"open","sticky":false,"template":"","format":"standard","meta":{"_lmt_disableupdate":"","_lmt_disable":"","_jetpack_memberships_contains_paid_content":false,"footnotes":""},"categories":[109,47],"tags":[2347],"class_list":["post-65177","post","type-post","status-publish","format-standard","has-post-thumbnail","hentry","category-minuto-a-minuto","category-zona-gris","tag-joe-biden"],"jetpack_featured_media_url":"https:\/\/zonaroja.com.mx\/wp-content\/uploads\/2024\/02\/Joe-Biden-.jpeg","jetpack_sharing_enabled":true,"_links":{"self":[{"href":"https:\/\/zonaroja.com.mx\/index.php?rest_route=\/wp\/v2\/posts\/65177","targetHints":{"allow":["GET"]}}],"collection":[{"href":"https:\/\/zonaroja.com.mx\/index.php?rest_route=\/wp\/v2\/posts"}],"about":[{"href":"https:\/\/zonaroja.com.mx\/index.php?rest_route=\/wp\/v2\/types\/post"}],"author":[{"embeddable":true,"href":"https:\/\/zonaroja.com.mx\/index.php?rest_route=\/wp\/v2\/users\/2"}],"replies":[{"embeddable":true,"href":"https:\/\/zonaroja.com.mx\/index.php?rest_route=%2Fwp%2Fv2%2Fcomments&post=65177"}],"version-history":[{"count":1,"href":"https:\/\/zonaroja.com.mx\/index.php?rest_route=\/wp\/v2\/posts\/65177\/revisions"}],"predecessor-version":[{"id":65179,"href":"https:\/\/zonaroja.com.mx\/index.php?rest_route=\/wp\/v2\/posts\/65177\/revisions\/65179"}],"wp:featuredmedia":[{"embeddable":true,"href":"https:\/\/zonaroja.com.mx\/index.php?rest_route=\/wp\/v2\/media\/65178"}],"wp:attachment":[{"href":"https:\/\/zonaroja.com.mx\/index.php?rest_route=%2Fwp%2Fv2%2Fmedia&parent=65177"}],"wp:term":[{"taxonomy":"category","embeddable":true,"href":"https:\/\/zonaroja.com.mx\/index.php?rest_route=%2Fwp%2Fv2%2Fcategories&post=65177"},{"taxonomy":"post_tag","embeddable":true,"href":"https:\/\/zonaroja.com.mx\/index.php?rest_route=%2Fwp%2Fv2%2Ftags&post=65177"}],"curies":[{"name":"wp","href":"https:\/\/api.w.org\/{rel}","templated":true}]}}