{"id":65180,"date":"2024-02-11T12:00:00","date_gmt":"2024-02-11T18:00:00","guid":{"rendered":"http:\/\/www.zonaroja.com.mx\/?p=65180"},"modified":"2024-02-11T07:32:50","modified_gmt":"2024-02-11T13:32:50","slug":"opinion-tiempo-de-las-mujeres-la-rechifla","status":"publish","type":"post","link":"https:\/\/zonaroja.com.mx\/?p=65180","title":{"rendered":"Opini\u00f3n. Tiempo de las mujeres, la rechifla"},"content":{"rendered":"\n<p>Soledad Jarqu\u00edn Edgar*\/SemM\u00e9xico<\/p>\n\n\n\n<p>\u201cEs tiempo de las mujeres\u201d es la frase que en la d\u00e9cada reciente, de forma com\u00fan y hasta corriente, se refieren a la presencia de las mujeres en los diversos campos de la vida cotidiana, algo que por cierto no empez\u00f3 hace una d\u00e9cada, con la paridad, sino muchas d\u00e9cadas atr\u00e1s. La frase se utiliza con mucha frecuencia cuando se trata de hacer \u00e9nfasis en el espacio de lo pol\u00edtico-electoral.<\/p>\n\n\n\n<p>En Oaxaca, hace un tiempo junto con unas diputadas locales, un grupo muy reducido de ciudadanas, propusimos poner en alg\u00fan lugar de la C\u00e1mara de Diputados, en \u201cletras de oro\u201d o ya de perdis una placa conmemorativa, los nombres de las primeras mujeres, que en la d\u00e9cada de los sesenta del siglo pasado, ocuparon por primera vez un cargo p\u00fablico-pol\u00edtico.<\/p>\n\n\n\n<p>Por supuesto aquella idea no prosper\u00f3, porque esas primeras mujeres no eran de la 4T, evidentemente, eran mujeres que en la d\u00e9cada de los sesenta pertenec\u00edan al ex hegem\u00f3nico partido en el poder: es decir el PRI. Entonces me pareci\u00f3 muy reducido el pensamiento de las diputadas de la nueva ola, del tiempo de las mujeres.<\/p>\n\n\n\n<p>Hoy sabemos ser\u00e1n cientos las mujeres que buscar\u00e1n ser electas en la pr\u00f3xima contienda electoral, que est\u00e1 aqu\u00ed a la vuelta de la esquina, y el concepto pol\u00edtico \u201cmujeres\u201d es la bandera que enarbolan una buena cantidad de esas candidatas tanto en el \u00e1mbito local como en el nacional.<\/p>\n\n\n\n<p>Me cuesta trabajo decirlo, no quisiera. Dicen que cuando el r\u00edo suena es porque agua lleva. Bajo el pretexto del tiempo de las mujeres, hay muchos esfuerzos de grupos pol\u00edticos, con la fuerza o el patrocinio de los malos para imponer a mujeres en los distintos niveles de gobierno.<\/p>\n\n\n\n<p>Mujeres que por supuesto no responden a los intereses de las otras mujeres. Responden a sus propios intereses y los de un grupo generalmente constituido por hombres o grupos de mujeres \u201cplurales\u201d de esos que empezaron a surgir aqu\u00ed y all\u00e1 en los \u00faltimos a\u00f1os en la v\u00edspera del proceso electoral, pero indudablemente con visiones pol\u00edtico-patriarcales. Traducci\u00f3n: responder\u00e1n o seguir\u00e1n respondiendo a los hombres.<\/p>\n\n\n\n<p>En el tiempo de las mujeres no bastan los discursos que las nombren. Ni repartir despensas, cobijas o medicamentos, hacer buenas obras, las propias de las se\u00f1oras del siglo XIX o las que en el siglo XX pon\u00edan a hacer a las \u201cprimeras damas\u201d. Se trata de responder en todo sentido a la justicia social que hist\u00f3ricamente nos tiene en desigualdad. Ojal\u00e1 que las pol\u00edticas lo entiendan pronto.<\/p>\n\n\n\n<p>LA CARRETERA<\/p>\n\n\n\n<p>Despu\u00e9s de a\u00f1os de espera finalmente fue inaugurada la carretera Barranca Larga-Ventanilla, que significa acortar sustancialmente el tiempo de traslado desde la ciudad de Oaxaca a Puerto Escondido y la zona tur\u00edstica de playa de esta entidad.<\/p>\n\n\n\n<p>La pesadilla de seis o siete horas de carretera termin\u00f3. Ahora podemos despertar en casa, en la ciudad de Oaxaca y desayunar en cosa de dos horas y media en un restaurante frente a la playa. Estamos saboreando ese momento y qu\u00e9 bueno por Oaxaca.<\/p>\n\n\n\n<p>Fue un sue\u00f1o largamente acariciado, quince a\u00f1os se dilataron, hay quienes opinan que son casi 20, porque se inici\u00f3 o proyect\u00f3 con el entonces era presidente Vicente Fox, sigui\u00f3 Felipe Calder\u00f3n, Enrique Pe\u00f1a Niego y Andr\u00e9s Manuel L\u00f3pez Obrador y pas\u00f3 por las manos de los ex gobernadores Ulises Ruiz, Gabino Cu\u00e9, Alejandro Murat y le toc\u00f3 el premio mayor a Salom\u00f3n Jara, quien lleg\u00f3 a vestir la fiesta.<\/p>\n\n\n\n<p>LA RECHIFLA<\/p>\n\n\n\n<p>Derivado de un \u201cacuerdo\u201d entre los amigos L\u00f3pez Obrador y Jos\u00e9 Murat hicieron part\u00edcipe de la fiesta inaugural Alejandro Murat, quien dej\u00f3 el trono de Oaxaca hace poco m\u00e1s de un a\u00f1o. Como ya saben en lugar de aplausos lo que le dieron el Muratito fue una rechifla e incontables recordatorios familiares.<\/p>\n\n\n\n<p>Detr\u00e1s de la presencia de Muratito sin duda est\u00e1 L\u00f3pez Obrador que puede lidiar con Dios y con el diablo, conservadores y neoliberales. \u00c9l sigue haciendo esos acuerdos con los ex priistas que \u201ccambian de parecer\u201d y dejan su partido para convertirse en integrantes de Morena, as\u00ed que mand\u00f3 a Muratito como vocero de la candidata de su partido, Claudia Sheinbaum, d\u00edas despu\u00e9s de la rechifla en Yogana, el lugar donde se realiz\u00f3 la inauguraci\u00f3n de la legendaria obra p\u00fablica.<\/p>\n\n\n\n<p>As\u00ed que el Muratito, siempre elitista y fifi, ahora est\u00e1 con la people, con el pueblo que manda. Asume que est\u00e1 con Morena por su m\u00edstica, y est\u00e1 ah\u00ed porque \u201cSheimbaun tiene el empaque\u201d, dice en una entrevista. Sin verg\u00fcenza que \u201clos que traicionaron a M\u00e9xico son los priistas\u201d. \u00bfPerd\u00f3n? Hace cosa de un a\u00f1o y meses era del PRI. Dej\u00f3 el PRI \u00bfc\u00f3mo se llam\u00f3 la obra? Lo que pasa, es que su ex partido ya no tiene futuro, ni business por emprender. Como otras personas, tuve que escuchar dos veces los dichos del junior, hijo del cacique pol\u00edtico de Oaxaca y que gracias a eso y solo por eso fue gobernador para echarle a perder la vida a miles de personas con su tibieza, por decirlo propiamiente.<\/p>\n\n\n\n<p>En redes sociales nuevamente surgieron las voces en contra del nombramiento, lo bueno es el presidente ni se entera, tanto que asegur\u00f3 que todo el pueblo mexicano estamos \u00a1bien felices! Por el asunto de Muratito yo dir\u00eda: \u00a1pobre Sheinbaum!<\/p>\n\n\n\n<p>*Periodista y activista feminista.<\/p>\n","protected":false},"excerpt":{"rendered":"<p>Soledad Jarqu\u00edn Edgar*\/SemM\u00e9xico \u201cEs tiempo de las mujeres\u201d es la frase que en la d\u00e9cada&hellip;<\/p>\n","protected":false},"author":2,"featured_media":52718,"comment_status":"closed","ping_status":"open","sticky":false,"template":"","format":"standard","meta":{"_lmt_disableupdate":"","_lmt_disable":"","_jetpack_memberships_contains_paid_content":false,"footnotes":""},"categories":[456,109],"tags":[1105],"class_list":["post-65180","post","type-post","status-publish","format-standard","has-post-thumbnail","hentry","category-columna","category-minuto-a-minuto","tag-soledad-jarquin-edgar"],"jetpack_featured_media_url":"https:\/\/zonaroja.com.mx\/wp-content\/uploads\/2023\/03\/Soledad-Jarquin-.jpeg","jetpack_sharing_enabled":true,"_links":{"self":[{"href":"https:\/\/zonaroja.com.mx\/index.php?rest_route=\/wp\/v2\/posts\/65180","targetHints":{"allow":["GET"]}}],"collection":[{"href":"https:\/\/zonaroja.com.mx\/index.php?rest_route=\/wp\/v2\/posts"}],"about":[{"href":"https:\/\/zonaroja.com.mx\/index.php?rest_route=\/wp\/v2\/types\/post"}],"author":[{"embeddable":true,"href":"https:\/\/zonaroja.com.mx\/index.php?rest_route=\/wp\/v2\/users\/2"}],"replies":[{"embeddable":true,"href":"https:\/\/zonaroja.com.mx\/index.php?rest_route=%2Fwp%2Fv2%2Fcomments&post=65180"}],"version-history":[{"count":1,"href":"https:\/\/zonaroja.com.mx\/index.php?rest_route=\/wp\/v2\/posts\/65180\/revisions"}],"predecessor-version":[{"id":65181,"href":"https:\/\/zonaroja.com.mx\/index.php?rest_route=\/wp\/v2\/posts\/65180\/revisions\/65181"}],"wp:featuredmedia":[{"embeddable":true,"href":"https:\/\/zonaroja.com.mx\/index.php?rest_route=\/wp\/v2\/media\/52718"}],"wp:attachment":[{"href":"https:\/\/zonaroja.com.mx\/index.php?rest_route=%2Fwp%2Fv2%2Fmedia&parent=65180"}],"wp:term":[{"taxonomy":"category","embeddable":true,"href":"https:\/\/zonaroja.com.mx\/index.php?rest_route=%2Fwp%2Fv2%2Fcategories&post=65180"},{"taxonomy":"post_tag","embeddable":true,"href":"https:\/\/zonaroja.com.mx\/index.php?rest_route=%2Fwp%2Fv2%2Ftags&post=65180"}],"curies":[{"name":"wp","href":"https:\/\/api.w.org\/{rel}","templated":true}]}}