{"id":65182,"date":"2024-02-11T13:00:00","date_gmt":"2024-02-11T19:00:00","guid":{"rendered":"http:\/\/www.zonaroja.com.mx\/?p=65182"},"modified":"2024-02-11T07:37:18","modified_gmt":"2024-02-11T13:37:18","slug":"pretenden-invisibilizar-violencia-vicaria-en-oaxaca-miedo-paraliza-a-mujeres","status":"publish","type":"post","link":"https:\/\/zonaroja.com.mx\/?p=65182","title":{"rendered":"Pretenden invisibilizar violencia vicaria en Oaxaca; miedo paraliza a mujeres"},"content":{"rendered":"\n<p>Yuridiana Sosa\/Zona Roja.<\/p>\n\n\n\n<p>Oaxaca de Ju\u00e1rez, Oax., 11 de febrero de 2024.- Mientras que la violencia vicaria incrementa contra las mujeres e infancias en Oaxaca, el Congreso de Oaxaca y otras instituciones que les corresponde atender el problema evitan abordar el tema para sancionarla.<\/p>\n\n\n\n<p>La integrante del Frente Nacional de Violencia Vicaria, Ileana Acevedo Brena, se\u00f1al\u00f3 que a pesar que a nivel nacional ya se reconoce como delito la violencia vicaria, la anterior Junta de Coordinaci\u00f3n Pol\u00edtica, de la 65 Legislatura local, que encabez\u00f3 Luis Alfonso Silva Romo, encajon\u00f3 la iniciativa para las modificaciones en el c\u00f3digo penal y familiar no se realizaron.<\/p>\n\n\n\n<p>Es justamente estas omisiones lo que sigue dando paso a persistan los actos de violencia vicaria contra madres e hijas e hijos, a lo cual se a\u00f1ade el miedo de las mujeres a no ser protegidas y la violencia se incremente, indic\u00f3 la defensora.<\/p>\n\n\n\n<p>Un ejemplo de ello es que cada semana reciben en promedio tres llamadas de madres que sufren violencia vicaria, pero finalmente no se atreven a iniciar los procesos legales por miedo.<\/p>\n\n\n\n<p>En consecuencia, esta situaci\u00f3n hace que en Oaxaca no exista un registro oficial de casos de violencia vicaria, mientras que a nivel nacional, el Frente Nacional de Violencia Vicaria tiene el registro de por lo menos cuatro mil casos.<\/p>\n\n\n\n<p>Pero la desprotecci\u00f3n no s\u00f3lo ha sido del Congreso, tambi\u00e9n de instituciones estatales como la Secretar\u00eda de la Mujer, que no ofrece acompa\u00f1amiento a estos casos, a excepci\u00f3n del problema que enfrent\u00f3 la extrajera italiana, Elena Marini.<\/p>\n\n\n\n<p>En tanto, el Frente va a trabajar en protocolos de actuaci\u00f3n para dar acompa\u00f1amiento a las madres, como el caso de Elena, quien adem\u00e1s de la violencia vicaria recibe violencia institucional.<\/p>\n\n\n\n<p>\u201cA nosotros nos asust\u00f3 mucho lo que est\u00e1 viviendo Elena y esto podr\u00eda seguir si no se pone un alto\u2026el miedo a las mujeres las paraliza por temor a que quiten a sus hijos o los desaparezcan\u201d, expres\u00f3 la defensora.<\/p>\n\n\n\n<p>Respecto a las mam\u00e1s en Oaxaca que se han atrevido a denunciar a sus agresores con apoyo del Frente, apunt\u00f3 que son al menos una docena las que siguen su lucha, pero varias m\u00e1s se han quedado en el camino por miedo.<\/p>\n","protected":false},"excerpt":{"rendered":"<p>Yuridiana Sosa\/Zona Roja. Oaxaca de Ju\u00e1rez, Oax., 11 de febrero de 2024.- Mientras que la&hellip;<\/p>\n","protected":false},"author":2,"featured_media":65183,"comment_status":"closed","ping_status":"open","sticky":false,"template":"","format":"standard","meta":{"_lmt_disableupdate":"","_lmt_disable":"","_jetpack_memberships_contains_paid_content":false,"footnotes":""},"categories":[109,47],"tags":[3714],"class_list":["post-65182","post","type-post","status-publish","format-standard","has-post-thumbnail","hentry","category-minuto-a-minuto","category-zona-gris","tag-violencia-vicaria-en-oaxaca"],"jetpack_featured_media_url":"https:\/\/zonaroja.com.mx\/wp-content\/uploads\/2024\/02\/10.webp","jetpack_sharing_enabled":true,"_links":{"self":[{"href":"https:\/\/zonaroja.com.mx\/index.php?rest_route=\/wp\/v2\/posts\/65182","targetHints":{"allow":["GET"]}}],"collection":[{"href":"https:\/\/zonaroja.com.mx\/index.php?rest_route=\/wp\/v2\/posts"}],"about":[{"href":"https:\/\/zonaroja.com.mx\/index.php?rest_route=\/wp\/v2\/types\/post"}],"author":[{"embeddable":true,"href":"https:\/\/zonaroja.com.mx\/index.php?rest_route=\/wp\/v2\/users\/2"}],"replies":[{"embeddable":true,"href":"https:\/\/zonaroja.com.mx\/index.php?rest_route=%2Fwp%2Fv2%2Fcomments&post=65182"}],"version-history":[{"count":1,"href":"https:\/\/zonaroja.com.mx\/index.php?rest_route=\/wp\/v2\/posts\/65182\/revisions"}],"predecessor-version":[{"id":65184,"href":"https:\/\/zonaroja.com.mx\/index.php?rest_route=\/wp\/v2\/posts\/65182\/revisions\/65184"}],"wp:featuredmedia":[{"embeddable":true,"href":"https:\/\/zonaroja.com.mx\/index.php?rest_route=\/wp\/v2\/media\/65183"}],"wp:attachment":[{"href":"https:\/\/zonaroja.com.mx\/index.php?rest_route=%2Fwp%2Fv2%2Fmedia&parent=65182"}],"wp:term":[{"taxonomy":"category","embeddable":true,"href":"https:\/\/zonaroja.com.mx\/index.php?rest_route=%2Fwp%2Fv2%2Fcategories&post=65182"},{"taxonomy":"post_tag","embeddable":true,"href":"https:\/\/zonaroja.com.mx\/index.php?rest_route=%2Fwp%2Fv2%2Ftags&post=65182"}],"curies":[{"name":"wp","href":"https:\/\/api.w.org\/{rel}","templated":true}]}}