{"id":65187,"date":"2024-02-11T17:49:01","date_gmt":"2024-02-11T23:49:01","guid":{"rendered":"http:\/\/www.zonaroja.com.mx\/?p=65187"},"modified":"2024-02-11T17:49:03","modified_gmt":"2024-02-11T23:49:03","slug":"caida-de-avioneta-en-oaxaca-deja-un-muerto-y-cinco-heridos-entre-ellos-canadienses","status":"publish","type":"post","link":"https:\/\/zonaroja.com.mx\/?p=65187","title":{"rendered":"Ca\u00edda de avioneta en Oaxaca deja un muerto y cinco heridos, entre ellos canadienses"},"content":{"rendered":"\n<p>Ismael Garc\u00eda M.\/Zona Roja.<\/p>\n\n\n\n<p>Oaxaca de Ju\u00e1rez, Oax., a 11 de febrero de 2024.- Un turista en tierra muerto y cinco personas lesionadas, cuatro de ellas canadienses, es el saldo de la ca\u00edda de una avioneta en playa Bacocho, en el destino tur\u00edstico de Oaxaca.<\/p>\n\n\n\n<p>Mediante redes sociales, la Fiscal\u00eda General del Estado inform\u00f3 que dio inicio a las indagatorias correspondientes, con la finalidad de deslindar responsabilidades, por los delitos de homicidio culposo, lesiones y da\u00f1os, en contra de quien o qui\u00e9nes resulten responsables.&nbsp;<\/p>\n\n\n\n<p>La ca\u00edda de la aeronave, de la empresa Sky Dive, con turistas que practicaban paracaidismo, ocurri\u00f3 alrededor del mediod\u00eda en una playa en que hab\u00eda visitantes y aplast\u00f3 a uno de ellos, de nombre Armando D. C., de 62 a\u00f1os de edad, mientras que su esposa result\u00f3 ilesa.<\/p>\n\n\n\n<p>Asimismo, que cinco personas, cuatro de ellas de nacionalidad canadiense, de 60, 41, 35 y 59 a\u00f1os; as\u00ed como una persona de sexo masculino de 40 a\u00f1os originaria de Puerto Escondido, reciben atenci\u00f3n m\u00e9dica y su estado de salud se reporta como estable.<\/p>\n\n\n\n<p>Personal de diversas dependencias, entre ellas Protecci\u00f3n Civil y el Heroico Cuerpo de Bomberos, acudi\u00f3 a la zona para brindar los auxilios correspondientes.<\/p>\n\n\n\n<p>A su vez, mediante sus redes sociales, el gobernador Salom\u00f3n Jara Cruz lament\u00f3 el percance y dijo que se dio la instrucci\u00f3n respectiva para apoyar en todo lo necesario; \u00aba la familia de la persona que falleci\u00f3, le brindaremos todo el apoyo y acompa\u00f1amiento necesario ante su irreparable p\u00e9rdida\u00bb.<\/p>\n\n\n\n<p>Hasta el momento se desconoce el nombre y la situaci\u00f3n del piloto de la aeronave.<\/p>\n","protected":false},"excerpt":{"rendered":"<p>Ismael Garc\u00eda M.\/Zona Roja. Oaxaca de Ju\u00e1rez, Oax., a 11 de febrero de 2024.- Un&hellip;<\/p>\n","protected":false},"author":2,"featured_media":65188,"comment_status":"closed","ping_status":"open","sticky":false,"template":"","format":"standard","meta":{"_lmt_disableupdate":"","_lmt_disable":"","_jetpack_memberships_contains_paid_content":false,"footnotes":""},"categories":[109,47],"tags":[590],"class_list":["post-65187","post","type-post","status-publish","format-standard","has-post-thumbnail","hentry","category-minuto-a-minuto","category-zona-gris","tag-puerto-escondido"],"jetpack_featured_media_url":"https:\/\/zonaroja.com.mx\/wp-content\/uploads\/2024\/02\/Avioneta-caida-playa-Bacocho-Puerto-Escondido.jpg","jetpack_sharing_enabled":true,"_links":{"self":[{"href":"https:\/\/zonaroja.com.mx\/index.php?rest_route=\/wp\/v2\/posts\/65187","targetHints":{"allow":["GET"]}}],"collection":[{"href":"https:\/\/zonaroja.com.mx\/index.php?rest_route=\/wp\/v2\/posts"}],"about":[{"href":"https:\/\/zonaroja.com.mx\/index.php?rest_route=\/wp\/v2\/types\/post"}],"author":[{"embeddable":true,"href":"https:\/\/zonaroja.com.mx\/index.php?rest_route=\/wp\/v2\/users\/2"}],"replies":[{"embeddable":true,"href":"https:\/\/zonaroja.com.mx\/index.php?rest_route=%2Fwp%2Fv2%2Fcomments&post=65187"}],"version-history":[{"count":1,"href":"https:\/\/zonaroja.com.mx\/index.php?rest_route=\/wp\/v2\/posts\/65187\/revisions"}],"predecessor-version":[{"id":65189,"href":"https:\/\/zonaroja.com.mx\/index.php?rest_route=\/wp\/v2\/posts\/65187\/revisions\/65189"}],"wp:featuredmedia":[{"embeddable":true,"href":"https:\/\/zonaroja.com.mx\/index.php?rest_route=\/wp\/v2\/media\/65188"}],"wp:attachment":[{"href":"https:\/\/zonaroja.com.mx\/index.php?rest_route=%2Fwp%2Fv2%2Fmedia&parent=65187"}],"wp:term":[{"taxonomy":"category","embeddable":true,"href":"https:\/\/zonaroja.com.mx\/index.php?rest_route=%2Fwp%2Fv2%2Fcategories&post=65187"},{"taxonomy":"post_tag","embeddable":true,"href":"https:\/\/zonaroja.com.mx\/index.php?rest_route=%2Fwp%2Fv2%2Ftags&post=65187"}],"curies":[{"name":"wp","href":"https:\/\/api.w.org\/{rel}","templated":true}]}}