{"id":65190,"date":"2024-02-11T19:10:45","date_gmt":"2024-02-12T01:10:45","guid":{"rendered":"http:\/\/www.zonaroja.com.mx\/?p=65190"},"modified":"2024-02-11T19:10:46","modified_gmt":"2024-02-12T01:10:46","slug":"ejecutan-a-balazos-a-individuo-en-puerto-escondido-oaxaca","status":"publish","type":"post","link":"https:\/\/zonaroja.com.mx\/?p=65190","title":{"rendered":"Ejecutan a balazos a individuo en Puerto Escondido, Oaxaca"},"content":{"rendered":"\n<p>Redacci\u00f3n\/Zona Roja.<\/p>\n\n\n\n<p>Oaxaca de Ju\u00e1rez, Oax., a 11 de febrero de 2024.- Una persona del sexo masculino fue ejecutada anoche a balazos en el destino tur\u00edstico de Puerto Escondido, Oaxaca.<\/p>\n\n\n\n<p>La agresi\u00f3n armada ocurri\u00f3 alrededor de las 21:00 horas de ayer en la calle Vicente Guerrero de la colonia Aeropuerto, hasta donde llegaron corporaciones de auxilio y de seguridad.<\/p>\n\n\n\n<p>Sin embargo en la zona \u00fanicamente hallaron un cuerpo sin vida, que posteriormente fue identificado como Jes\u00fas J. H., de aproximadamente 35 a\u00f1os de edad, quien presentaba varios impactos de arma de fuego en el cuerpo.<\/p>\n\n\n\n<p>Personal de la Vicefiscal\u00eda Regional de la Costa inici\u00f3 con las indagatorias correspondientes y hasta el momento no se cuentan con mayores indicios de los motivos que llevaron al homicidio.<\/p>\n\n\n\n<p>Pese a la hora de la noche, polic\u00edas municipal de San Pedro Mixtepec no se hallaban en la zona del crimen, para implementar operativos inmediatos a fin de detener al o a los responsables.<\/p>\n\n\n\n<p>OTRO HOMICIDIO<\/p>\n\n\n\n<p>Por otra parte, en el municipio de Uni\u00f3n Hidalgo, regi\u00f3n del Istmo, se registr\u00f3 un homicidio, tras una ri\u00f1a entre personas en estado de ebriedad.<\/p>\n\n\n\n<p>\u00c1ngel V. atac\u00f3 a su compa\u00f1ero Ram\u00f3n R., con quien consum\u00eda bebidas embriagantes, y lo mat\u00f3, tras lo cual le cort\u00f3 la cabeza y la fue a tirar junto a una iglesia.<\/p>\n\n\n\n<p>Presuntamente tras ello, el probable homicida se dio a la fuga y hasta el momento no ha sido localizado.<\/p>\n","protected":false},"excerpt":{"rendered":"<p>Redacci\u00f3n\/Zona Roja. Oaxaca de Ju\u00e1rez, Oax., a 11 de febrero de 2024.- Una persona del&hellip;<\/p>\n","protected":false},"author":2,"featured_media":65191,"comment_status":"closed","ping_status":"open","sticky":false,"template":"","format":"standard","meta":{"_lmt_disableupdate":"","_lmt_disable":"","_jetpack_memberships_contains_paid_content":false,"footnotes":""},"categories":[109,51],"tags":[590],"class_list":["post-65190","post","type-post","status-publish","format-standard","has-post-thumbnail","hentry","category-minuto-a-minuto","category-zona-roja","tag-puerto-escondido"],"jetpack_featured_media_url":"https:\/\/zonaroja.com.mx\/wp-content\/uploads\/2024\/02\/Asesinado-Puerto-Escondido.jpg","jetpack_sharing_enabled":true,"_links":{"self":[{"href":"https:\/\/zonaroja.com.mx\/index.php?rest_route=\/wp\/v2\/posts\/65190","targetHints":{"allow":["GET"]}}],"collection":[{"href":"https:\/\/zonaroja.com.mx\/index.php?rest_route=\/wp\/v2\/posts"}],"about":[{"href":"https:\/\/zonaroja.com.mx\/index.php?rest_route=\/wp\/v2\/types\/post"}],"author":[{"embeddable":true,"href":"https:\/\/zonaroja.com.mx\/index.php?rest_route=\/wp\/v2\/users\/2"}],"replies":[{"embeddable":true,"href":"https:\/\/zonaroja.com.mx\/index.php?rest_route=%2Fwp%2Fv2%2Fcomments&post=65190"}],"version-history":[{"count":1,"href":"https:\/\/zonaroja.com.mx\/index.php?rest_route=\/wp\/v2\/posts\/65190\/revisions"}],"predecessor-version":[{"id":65192,"href":"https:\/\/zonaroja.com.mx\/index.php?rest_route=\/wp\/v2\/posts\/65190\/revisions\/65192"}],"wp:featuredmedia":[{"embeddable":true,"href":"https:\/\/zonaroja.com.mx\/index.php?rest_route=\/wp\/v2\/media\/65191"}],"wp:attachment":[{"href":"https:\/\/zonaroja.com.mx\/index.php?rest_route=%2Fwp%2Fv2%2Fmedia&parent=65190"}],"wp:term":[{"taxonomy":"category","embeddable":true,"href":"https:\/\/zonaroja.com.mx\/index.php?rest_route=%2Fwp%2Fv2%2Fcategories&post=65190"},{"taxonomy":"post_tag","embeddable":true,"href":"https:\/\/zonaroja.com.mx\/index.php?rest_route=%2Fwp%2Fv2%2Ftags&post=65190"}],"curies":[{"name":"wp","href":"https:\/\/api.w.org\/{rel}","templated":true}]}}