{"id":65195,"date":"2024-02-12T07:39:27","date_gmt":"2024-02-12T13:39:27","guid":{"rendered":"http:\/\/www.zonaroja.com.mx\/?p=65195"},"modified":"2024-02-12T07:39:28","modified_gmt":"2024-02-12T13:39:28","slug":"controlado-al-100-incendio-en-la-sierra-juarez-extinguido-en-80","status":"publish","type":"post","link":"https:\/\/zonaroja.com.mx\/?p=65195","title":{"rendered":"Controlado al 100% incendio en la Sierra Ju\u00e1rez; extinguido en 80%"},"content":{"rendered":"\n<p>Ismael Garc\u00eda M.\/Zona Roja.<\/p>\n\n\n\n<p>Oaxaca de Ju\u00e1rez, Oax., a 12 de febrero de 2024.- De acuerdo con el m\u00e1s reciente reporte de la Comisi\u00f3n Estatal Forestal, emitido cerca de la media noche, el incendio forestal en jurisdicci\u00f3n de Santa Catarina Ixtepeji se control\u00f3 en su totalidad y lleva un avance del 80 por ciento en su extinci\u00f3n. La carretera Oaxaca-Tuxtepec ya fue reabierta al tr\u00e1nsito vehicular.<\/p>\n\n\n\n<p>Hasta el momento no se ha dado a conocer la causa que origin\u00f3 la conflagraci\u00f3n, que inici\u00f3 la tarde de ayer y que ha dejado como saldo preliminar unas 15 casas quemadas, as\u00ed como un veh\u00edculo; no hay lesionados ni p\u00e9rdidas de vidas humanas.<\/p>\n\n\n\n<p>El Gobierno del Estado inform\u00f3 anoche que el fuego abarc\u00f3 los parajes \u201cLa Colorada\u201d, \u201cEl Manzanal\u201d y \u201cEl Pasajuegos\u201d, en la zona lim\u00edtrofe de los municipios de Tlalixtac de Cabrera y Santa Catarina Ixtepeji, distrito de Ixtl\u00e1n; se estima que da\u00f1\u00f3 unas 100 hect\u00e1reas.<\/p>\n\n\n\n<p>En el combate al siniestro participan 800 personas due\u00f1as y poseedoras de terrenos forestales, con 10 veh\u00edculos y cinco pipas, as\u00ed como 12 elementos de la Comisi\u00f3n Nacional Forestal (Conafor) con dos camionetas tipo Pick Up modelo Tacoma y dos veh\u00edculos especializados.<\/p>\n\n\n\n<p>Asimismo, en la zona se desplegaron 36 elementos de la Comisi\u00f3n Estatal Forestal (Coesfo) con cuatro veh\u00edculos de tres toneladas y dos camionetas tipo Pick Up; as\u00ed como tres elementos de la Secretar\u00eda de Fomento Agroalimentario y Desarrollo Rural (Sefader) y 70 elementos de la Guardia Nacional con ocho veh\u00edculos.<\/p>\n\n\n\n<p>De igual forma participan 14 elementos de la Secretar\u00eda de la Defensa Nacional (Sedena) con un veh\u00edculo tipo Humer, una decena de elementos del Heroico Cuerpo de Bomberos de Oaxaca con tres veh\u00edculos, entre ellos una ambulancia, una pipa y una camioneta Pick Up tipo RAM.<\/p>\n\n\n\n<p>Adem\u00e1s de tres elementos de la Coordinaci\u00f3n Estatal de Protecci\u00f3n Civil y Gesti\u00f3n de Riesgos (CEPCyGR) con dos veh\u00edculos, 11 elementos de la Polic\u00eda Estatal con tres veh\u00edculos y cinco pipas de agua por parte del Sistema Operador de los Servicios de Agua Potable y Alcantarillado (SOAPA).<\/p>\n\n\n\n<p>Dentro de las acciones realizadas en las \u00faltimas horas para contener el fuego se encuentran: liquidaci\u00f3n con uso de agua, apertura de brecha corta fuego, l\u00edneas de ensanche y contra fuego. La Coesfo continuar\u00e1 con los trabajos de control y liquidaci\u00f3n, con la implementaci\u00f3n de vigilancia y patrullaje.<\/p>\n","protected":false},"excerpt":{"rendered":"<p>Ismael Garc\u00eda M.\/Zona Roja. Oaxaca de Ju\u00e1rez, Oax., a 12 de febrero de 2024.- De&hellip;<\/p>\n","protected":false},"author":2,"featured_media":65196,"comment_status":"closed","ping_status":"open","sticky":false,"template":"","format":"standard","meta":{"_lmt_disableupdate":"","_lmt_disable":"","_jetpack_memberships_contains_paid_content":false,"footnotes":""},"categories":[109,47],"tags":[1256,3350],"class_list":["post-65195","post","type-post","status-publish","format-standard","has-post-thumbnail","hentry","category-minuto-a-minuto","category-zona-gris","tag-incendios-forestales-oaxaca","tag-santa-catarina-ixtepeji"],"jetpack_featured_media_url":"https:\/\/zonaroja.com.mx\/wp-content\/uploads\/2024\/02\/Incendio-Santa-Catarina-Ixtepeji.jpg","jetpack_sharing_enabled":true,"_links":{"self":[{"href":"https:\/\/zonaroja.com.mx\/index.php?rest_route=\/wp\/v2\/posts\/65195","targetHints":{"allow":["GET"]}}],"collection":[{"href":"https:\/\/zonaroja.com.mx\/index.php?rest_route=\/wp\/v2\/posts"}],"about":[{"href":"https:\/\/zonaroja.com.mx\/index.php?rest_route=\/wp\/v2\/types\/post"}],"author":[{"embeddable":true,"href":"https:\/\/zonaroja.com.mx\/index.php?rest_route=\/wp\/v2\/users\/2"}],"replies":[{"embeddable":true,"href":"https:\/\/zonaroja.com.mx\/index.php?rest_route=%2Fwp%2Fv2%2Fcomments&post=65195"}],"version-history":[{"count":1,"href":"https:\/\/zonaroja.com.mx\/index.php?rest_route=\/wp\/v2\/posts\/65195\/revisions"}],"predecessor-version":[{"id":65197,"href":"https:\/\/zonaroja.com.mx\/index.php?rest_route=\/wp\/v2\/posts\/65195\/revisions\/65197"}],"wp:featuredmedia":[{"embeddable":true,"href":"https:\/\/zonaroja.com.mx\/index.php?rest_route=\/wp\/v2\/media\/65196"}],"wp:attachment":[{"href":"https:\/\/zonaroja.com.mx\/index.php?rest_route=%2Fwp%2Fv2%2Fmedia&parent=65195"}],"wp:term":[{"taxonomy":"category","embeddable":true,"href":"https:\/\/zonaroja.com.mx\/index.php?rest_route=%2Fwp%2Fv2%2Fcategories&post=65195"},{"taxonomy":"post_tag","embeddable":true,"href":"https:\/\/zonaroja.com.mx\/index.php?rest_route=%2Fwp%2Fv2%2Ftags&post=65195"}],"curies":[{"name":"wp","href":"https:\/\/api.w.org\/{rel}","templated":true}]}}