{"id":65198,"date":"2024-02-12T07:53:08","date_gmt":"2024-02-12T13:53:08","guid":{"rendered":"http:\/\/www.zonaroja.com.mx\/?p=65198"},"modified":"2024-02-12T07:53:09","modified_gmt":"2024-02-12T13:53:09","slug":"opinion-la-crisis-del-agua-que-a-nadie-preocupa","status":"publish","type":"post","link":"https:\/\/zonaroja.com.mx\/?p=65198","title":{"rendered":"Opini\u00f3n. La crisis del agua que a nadie preocupa"},"content":{"rendered":"\n<p>Ismael Garc\u00eda M.\/Zona Roja.<\/p>\n\n\n\n<p>Oaxaca de Ju\u00e1rez, Oax., a 12 de octubre de 2024.- S\u00ed, es cierto, no es responsabilidad \u00fanica de las autoridades federales, estatales y\/o municipales.<\/p>\n\n\n\n<p>La sequ\u00eda y las cada vez m\u00e1s catastr\u00f3ficas respuestas medioambientales son culpa y responsabilidad de todos.&nbsp;<\/p>\n\n\n\n<p>Las razones son muchas pero el resumen es uno: el hombre contribuye d\u00eda, con d\u00eda, segundo a segundo, con el deterioro del medio ambiente y est\u00e1 acabando con el planeta.<\/p>\n\n\n\n<p>La poluci\u00f3n, la tala inmoderada de bosques, la creciente poblaci\u00f3n mundial que requiere servicios b\u00e1sicos como el agua, el excesivo uso de combustibles f\u00f3siles y m\u00e1s, nos tienen al borde del colapso.<\/p>\n\n\n\n<p>Y pese a ello, nos quejamos de un intenso sol en invierno; de los devastadores incendios forestales \u2014como los registrados la semana pasada en Chile\u2014 y la cada vez menor precipitaci\u00f3n pluvial.&nbsp;<\/p>\n\n\n\n<p>\u00bfY qu\u00e9 estamos haciendo al respecto? \u00bfQu\u00e9 est\u00e1 haciendo usted? En todos los desastres es muy f\u00e1cil responsabilidad al gobierno, de cualquier nivel, pero nos exculpamos tambi\u00e9n de manera f\u00e1cil.<\/p>\n\n\n\n<p>No obstante, por parte de las autoridades tambi\u00e9n hay mucho qu\u00e9 hacer, pero act\u00faan con omisi\u00f3n o lentitud.<\/p>\n\n\n\n<p>M\u00c1S CALOR<\/p>\n\n\n\n<p>El a\u00f1o pasado se registr\u00f3 una menor cantidad de lluvias, en M\u00e9xico y en muchas zonas del mundo, lo que trae como consecuencia el incremento de las temperaturas y a su vez una creciente escasez del vital l\u00edquido para el uso humano.<\/p>\n\n\n\n<p>Por ejemplo, de acuerdo con la ONU, los \u00faltimos seis a\u00f1os han sido los m\u00e1s c\u00e1lidos registrados desde 1880, seg\u00fan un comunicado de prensa del 15 de enero de la Organizaci\u00f3n Meteorol\u00f3gica Mundial (OMM), y 2016, 2019 y 2020 fueron los tres primeros. 2020 estuvo 1,2\u00b0C por encima de las temperaturas de la era preindustrial (1880).<\/p>\n\n\n\n<p>La OMM predice que hay 20% de probabilidad de que el aumento de las temperaturas supere temporalmente los 1,5\u00b0C a partir de 2024.<\/p>\n\n\n\n<p>\u201cLa velocidad a la que aumentan las temperaturas es alarmante\u201d, dice Pascal Peduzzi, director del GRID-Ginebra del Programa de las Naciones Unidas para el Medio Ambiente (PNUMA).<\/p>\n\n\n\n<p>\u201cA este ritmo, podr\u00edamos alcanzar + 1,5 \u00b0 C en los pr\u00f3ximos 15 a\u00f1os\u201d, advirti\u00f3 Peduzzi, seg\u00fan la informaci\u00f3n difundida por Programa para el Medio Ambiente de la ONU.<\/p>\n\n\n\n<p>Enero de 2024 fue el enero m\u00e1s c\u00e1lido a nivel mundial, con una temperatura media del aire en superficie de 13,14 \u00b0C, 0,70 \u00b0C sobre el promedio 1991-2020 y 0,12 \u00b0C m\u00e1s que el r\u00e9cord anterior, de 2020, refiere el sitio \u201cExpansi\u00f3n\u201d.<\/p>\n\n\n\n<p>Seg\u00fan el \u00faltimo bolet\u00edn clim\u00e1tico mensual del Servicio de Cambio Clim\u00e1tico Copernicus (C3S), este es adem\u00e1s el octavo mes consecutivo m\u00e1s c\u00e1lido registrado para el respectivo mes del a\u00f1o. 1,66 grados Celsios sobre el periodo preindustrial.<\/p>\n\n\n\n<p>S\u00ed, es cierto, hemos tenido en los \u00faltimos d\u00edas intensas lluvias, por los \u00faltimos Frentes Fr\u00edos, como ocurri\u00f3 la semana pasada en Baja California, pero es tambi\u00e9n resultado de los desequilibrios clim\u00e1ticos y, por supuesto, del aumento en las temperaturas.<\/p>\n\n\n\n<p>M\u00c1S SEQU\u00cdA<\/p>\n\n\n\n<p>De acuerdo con el \u00abMonitor de Sequ\u00eda de M\u00e9xico\u00bb de la Comisi\u00f3n Nacional del Agua (Conagua), los estados que presentan problemas de abastecimiento de agua este a\u00f1o son Aguascalientes, Campeche, Chiapas, Chihuahua, Coahuila, Durango, Guanajuato, Hidalgo, Jalisco, Michoac\u00e1n, Nuevo Le\u00f3n, Oaxaca, Puebla, Quer\u00e9taro, San Luis Potos\u00ed, Sonora, Tabasco, Tamaulipas, Veracruz, Yucat\u00e1n y Zacatecas.<\/p>\n\n\n\n<p>Seg\u00fan la Comisi\u00f3n Nacional del Agua, de los dos 471 municipios que hay en el pa\u00eds, m\u00e1s de la mitad no tienen agua; en resumen, son mil 565 municipios con sequ\u00eda; 499 anormalmente secos y solamente 407 sin afectaci\u00f3n.<\/p>\n\n\n\n<p>En informaci\u00f3n publicada por Infobae, a\u00fan faltan algunos meses para que M\u00e9xico comience a sentir los estragos del fen\u00f3meno de \u201cLa Ni\u00f1a\u201d y aproximadamente el 60.45% del territorio nacional se encuentra en alerta por la sequ\u00eda, de acuerdo con el Sistema Meteorol\u00f3gico Nacional (SMN), situaci\u00f3n que se agrava frente a la crisis h\u00eddrica que tambi\u00e9n atraviesa el pa\u00eds.<\/p>\n\n\n\n<p>\u201cLa mayor\u00eda de los estados de M\u00e9xico tuvieron menos lluvia de lo normal, sobre todo en las costas del Pac\u00edfico y en el centro del pa\u00eds. Esto hizo que aumentaran las zonas con sequ\u00eda en lugares como Sonora, Sinaloa, Durango, la regi\u00f3n de las Huastecas y Oaxaca.<\/p>\n\n\n\n<p>\u201cAl finalizar enero de 2024, el 60.45% del territorio mexicano sufr\u00eda de sequ\u00eda en alg\u00fan nivel, un porcentaje solo un poco menor al reportado a principios de ese mismo a\u00f1o. Sin embargo, el futuro no es alentador, seg\u00fan expertos\u201d, refiere la publicaci\u00f3n.<\/p>\n\n\n\n<p>\u00bfY LAS AUTORIDADES?<\/p>\n\n\n\n<p>En lo que s\u00ed podemos responsabilizar directamente a las autoridades es en emprender pocas o muy pocas acciones para retener el agua de lluvia temporal y para abastecer el vital l\u00edquido.<\/p>\n\n\n\n<p>Es lamentable, por ejemplo, que a nivel nacional, que se haya disminuido en los \u00faltimos 11 a\u00f1os un 12.7% el presupuesto a la Comisi\u00f3n Nacional del Agua (Conagua).<\/p>\n\n\n\n<p>En 2013, la Conagua ejerci\u00f3 un monto de 71 mil 804 millones de pesos mientras que para este a\u00f1o tendr\u00e1 un presupuesto de 62 mil 674 millones de pesos.&nbsp;<\/p>\n\n\n\n<p>Apenas el a\u00f1o pasado, el presupuesto de Conagua tuvo una recuperaci\u00f3n, despu\u00e9s de a\u00f1os de ir a la baja no solo en esta administraci\u00f3n federal sino tambi\u00e9n en la anterior, al pasar de un monto ejercido de 53 mil 407 millones de pesos en 2022, a un presupuesto de 71 mil 772 millones de pesos en 2023, seg\u00fan un estudio del Instituto Mexicano para la Competitividad.<\/p>\n\n\n\n<p>Pero la mayor\u00eda del incremento del a\u00f1o pasado se fue a solo tres proyectos de infraestructura que acapararon en total un monto de 25.8 mil millones de pesos, mientras el programa S074 Agua Potable, Drenaje y Tratamiento tuvo apenas un presupuesto de 3.4 mil millones de pesos, refiere el organismo civil.<\/p>\n\n\n\n<p>\u00bfY OAXACA?<\/p>\n\n\n\n<p>En Oaxaca, la Comisi\u00f3n Estatal del Agua (CEA), ahora con nuevo nombre, y el organismo SOAPA, antes SAPAO, han recibido anualmente cientos de millones de pesos.&nbsp;<\/p>\n\n\n\n<p>Pero han recibido m\u00e1s de organismos internacionales, como por ejemplo SAPAO con un cr\u00e9dito del Banco Mundial por 55 millones de d\u00f3lares, para 19 municipios del estado, que nadie sabe d\u00f3nde fue a parar en el sexenio que encabez\u00f3 Alejandro Murat.<\/p>\n\n\n\n<p>En el caso de este organismo, fue encabezado por Laura Vignon y Reynaldo Hern\u00e1ndez Cuevas y ninguno ha sido llamado a cuentas para aclarar si se aplicaron, se devolvieron o se hicieron obras \u201cfantasma\u201d.<\/p>\n\n\n\n<p>En las conferencias matutinas que encabeza semanalmente el gobernador Salom\u00f3n Jara Cruz se han vertido una serie de se\u00f1alamientos sobre probables desv\u00edos de recursos respecto a temas del agua y saneamiento, pero a 14 meses, no hay sancionados.<\/p>\n\n\n\n<p>En materia presupuestal, durante el 2023, primer a\u00f1o de gobierno de la llamada \u201cCuarta Transformaci\u00f3n\u201d, lo que era la Comisi\u00f3n Estatal del agua recibi\u00f3 313 millones 153 mil pesos, mientras que SAPAO, ahora SOAPA, 336 millones 805 mil pesos.<\/p>\n\n\n\n<p>Este a\u00f1o, la ahora llamada Comisi\u00f3n Estatal de Agua para el Bienestar, cuenta con 339 millones 213 mil pesos, mientras que lo que ahora es SOAPA tiene 400 millones 644 mil pesos.&nbsp;<\/p>\n\n\n\n<p>Cantidades extraordinarias de recursos financieros pero hay poca claridad en el manejo de \u00e9stos y poco se sabe de de las obras que se ejecutan.<\/p>\n\n\n\n<p>El problema de la sequ\u00eda, que conlleva el desabasto de agua potable, s\u00ed ha preocupado a las autoridades, pero s\u00f3lo en el papel y con acciones menores.<\/p>\n\n\n\n<p>Por ejemplo, a trav\u00e9s de SOAPA la gran idea es llevar tinacos-cisterna que se ponen en la banqueta o a media calle, para que los colonos se surtan del vital l\u00edquido.<\/p>\n\n\n\n<p>Apenas la semana pasada hubo una conferencia de prensa espec\u00edfica, para detallar que entre otras acciones, habr\u00e1 tambi\u00e9n rehabilitaci\u00f3n de pozos. Pero nada m\u00e1s.<\/p>\n\n\n\n<p>El sue\u00f1o guajiro es seguir trayendo agua para la capital desde decenas de kil\u00f3metros; primero con el fracasado proyecto \u201cPaso Ancho\u201d, en la regi\u00f3n Sierra Sur, con inversiones multimillonarias que al final no se concretaron, porque se eligi\u00f3 un terreno en litigio agrario.<\/p>\n\n\n\n<p>Por cierto, en ese sexenio de Gabino Cu\u00e9, el secretario de las Infraestructuras era Netzahualc\u00f3yotl, y ahora repite con Salom\u00f3n Jara Cruz.<\/p>\n\n\n\n<p>Mientras que el mandatario estatal ha anunciado que ahora se traer\u00eda para los Valles Centrales, agua desde la Sierra de Ju\u00e1rez, pero tampoco hay mucha claridad en ello.&nbsp;<\/p>\n\n\n\n<p>En el Presupuesto de Egresos hay una partida especificada como \u201cAbastecimiento de agua\u201d, por 225 millones 123 mil pesos, pero hasta ahora no se ha especificado la utilizaci\u00f3n.&nbsp;<\/p>\n\n\n\n<p>LA ADVERTENCIA<\/p>\n\n\n\n<p>\u201cEn 1960 la disponibilidad (de agua) ascend\u00eda a 10 mil metros c\u00fabicos (m3), mientras que para el a\u00f1o 2000 se hab\u00eda reducido a 4 mil m3. Actualmente se encuentra en 3.2 mil m3 y de continuar la tendencia se estima que para 2030 se ubique por debajo de 3 mil m3\u201d, refiere un an\u00e1lisis del Instituto Mexicano para la Competitividad (IMCO).<\/p>\n\n\n\n<p>Pero la realidad es que a nivel nacional como estatal, hay pocos planes efectivos para primero, hacer frente a la crisis del agua.&nbsp;<\/p>\n\n\n\n<p>Y la otra realidad es que todos nos quejamos pero nadie hace nada desde su casa. La grave problem\u00e1tica apenas inicia este a\u00f1o y estar\u00e1 llena de protestas, bloqueo de vialidades, cierre de carreteras en todas partes\u2026 pero esto \u00faltimo no resuelve nada.<\/p>\n","protected":false},"excerpt":{"rendered":"<p>Ismael Garc\u00eda M.\/Zona Roja. Oaxaca de Ju\u00e1rez, Oax., a 12 de octubre de 2024.- S\u00ed,&hellip;<\/p>\n","protected":false},"author":2,"featured_media":41735,"comment_status":"closed","ping_status":"open","sticky":false,"template":"","format":"standard","meta":{"_lmt_disableupdate":"","_lmt_disable":"","_jetpack_memberships_contains_paid_content":false,"footnotes":""},"categories":[456,109,48],"tags":[1353],"class_list":["post-65198","post","type-post","status-publish","format-standard","has-post-thumbnail","hentry","category-columna","category-minuto-a-minuto","category-zona-critica","tag-opinion-zona-critica"],"jetpack_featured_media_url":"https:\/\/zonaroja.com.mx\/wp-content\/uploads\/2022\/05\/Opinion-Ismael-Garcia-M.jpg","jetpack_sharing_enabled":true,"_links":{"self":[{"href":"https:\/\/zonaroja.com.mx\/index.php?rest_route=\/wp\/v2\/posts\/65198","targetHints":{"allow":["GET"]}}],"collection":[{"href":"https:\/\/zonaroja.com.mx\/index.php?rest_route=\/wp\/v2\/posts"}],"about":[{"href":"https:\/\/zonaroja.com.mx\/index.php?rest_route=\/wp\/v2\/types\/post"}],"author":[{"embeddable":true,"href":"https:\/\/zonaroja.com.mx\/index.php?rest_route=\/wp\/v2\/users\/2"}],"replies":[{"embeddable":true,"href":"https:\/\/zonaroja.com.mx\/index.php?rest_route=%2Fwp%2Fv2%2Fcomments&post=65198"}],"version-history":[{"count":1,"href":"https:\/\/zonaroja.com.mx\/index.php?rest_route=\/wp\/v2\/posts\/65198\/revisions"}],"predecessor-version":[{"id":65199,"href":"https:\/\/zonaroja.com.mx\/index.php?rest_route=\/wp\/v2\/posts\/65198\/revisions\/65199"}],"wp:featuredmedia":[{"embeddable":true,"href":"https:\/\/zonaroja.com.mx\/index.php?rest_route=\/wp\/v2\/media\/41735"}],"wp:attachment":[{"href":"https:\/\/zonaroja.com.mx\/index.php?rest_route=%2Fwp%2Fv2%2Fmedia&parent=65198"}],"wp:term":[{"taxonomy":"category","embeddable":true,"href":"https:\/\/zonaroja.com.mx\/index.php?rest_route=%2Fwp%2Fv2%2Fcategories&post=65198"},{"taxonomy":"post_tag","embeddable":true,"href":"https:\/\/zonaroja.com.mx\/index.php?rest_route=%2Fwp%2Fv2%2Ftags&post=65198"}],"curies":[{"name":"wp","href":"https:\/\/api.w.org\/{rel}","templated":true}]}}