{"id":65203,"date":"2024-02-12T09:30:00","date_gmt":"2024-02-12T15:30:00","guid":{"rendered":"http:\/\/www.zonaroja.com.mx\/?p=65203"},"modified":"2024-02-12T08:19:06","modified_gmt":"2024-02-12T14:19:06","slug":"aumentan-casos-de-menores-desaparecidos-en-oaxaca-en-febrero-son-al-menos-11","status":"publish","type":"post","link":"https:\/\/zonaroja.com.mx\/?p=65203","title":{"rendered":"Aumentan casos de menores desaparecidos en Oaxaca, en febrero son al menos 11"},"content":{"rendered":"\n<p>Yuridiana Sosa\/Zona Roja.<\/p>\n\n\n\n<p>Oaxaca de Ju\u00e1rez, Oax., 12 de febrero de 2024.- La desaparici\u00f3n de menores de edad, solos y en compa\u00f1\u00eda de sus madres, va en aumento y tan solo en el transcurso de febrero se han reportado 11 casos de ni\u00f1as, ni\u00f1os y adolescentes que no han vuelto a casa.<\/p>\n\n\n\n<p>La Unidad de B\u00fasqueda de Personas Desaparecidas y No Localizadas report\u00f3 en las \u00faltimas horas la desaparici\u00f3n de Jazm\u00edn Montserrat Montes Tapia de 16 a\u00f1os, vista por \u00faltima vez el 9 de febrero en San Agust\u00edn de las Juntas.<\/p>\n\n\n\n<p>Mientras que para el caso de Perla Cruz Cruz, de 14 a\u00f1os, activ\u00f3 la \u201cAlerta Amber\u201d, quien fue vista por \u00faltima vez el 7 de febrero de en San Antonino Monte Verde, Teposcolula.<\/p>\n\n\n\n<p>Otra menor de edad que no ha sido localizada es la adolecente Blanca Estefan\u00eda Morales Castellanos de 17 a\u00f1os, tras perder comunicaci\u00f3n con ella el 8 de febrero en la colonia 25 de Enero, de Santa Luc\u00eda del Camino. Karla Ivonne Quezada Quintero, de 16 a\u00f1os, desapareci\u00f3 el 7 de febrero de 2024, en la colonia Centro de San Juan Bautista Tuxtepec.<\/p>\n\n\n\n<p>Marely Del Carmen P\u00e9rez Rito, de 15 a\u00f1os, desapareci\u00f3 el 5 de febrero en la colonia Morelos de Salina Cruz. Mientras que la de Fabiola Hern\u00e1ndez Jacinto, de 20 a\u00f1os, ocurri\u00f3 el 1 de febrero en Santa Mar\u00eda Atzompa, Oaxaca, quien iba en compa\u00f1\u00eda de su hijo reci\u00e9n nacido.<\/p>\n\n\n\n<p>Un caso especial es el de Josefina Mart\u00ednez Almar\u00e1z, quien va en compa\u00f1\u00eda de sus hijos Jackiel y Elsa, ambos de apellidos Ram\u00edrez Mart\u00ednez, de 27, 10 y siete a\u00f1os de edad, respectivamente. Todos fueron&nbsp;vistos por \u00faltima vez el 14 de enero, en Santo Domingo de Morelos, San Pedro Pochutla.<\/p>\n\n\n\n<p>Tambi\u00e9n reportada en febrero, pero con hechos del 30 de enero, es el caso de Alejandra C\u00f3rdova Orozco, de 17 a\u00f1os, vista por \u00faltima vez en la colonia La Cascada, de Oaxaca de Ju\u00e1rez.<\/p>\n\n\n\n<p>La Fiscal\u00eda de Oaxaca emiti\u00f3 la \u201cAlerta rosa\u201d para localizar a Graciela Santiago Cortez, de 19 a\u00f1os de edad, desaparecida el 31 de diciembre de 2023 en Ejutla de Crespo.<\/p>\n\n\n\n<p>Otros casos reportados en febrero y por los que se emiti\u00f3 la ficha de b\u00fasqueda son para localizar a Mateo de cinco a\u00f1os y a Franco de Jes\u00fas, de nueve a\u00f1os, ambos de apellidos Arellano Guzm\u00e1n, quienes iban en compa\u00f1\u00eda de su progenitora Uvaldina Yolanda Guzm\u00e1n Mart\u00ednez y fueron vistos por \u00faltima vez a la altura de la poblaci\u00f3n de Santiago Ayuquililla, Huajuapan de Le\u00f3n.<\/p>\n\n\n\n<p>As\u00ed como el de Lucian Samano Jacinto, de tres a\u00f1os, fue visto por \u00faltima vez el 28 de marzo de 2023, en la colonia el Ex Marquezado, Oaxaca de Ju\u00e1rez.<\/p>\n\n\n\n<p>En el caso de los varones, se report\u00f3 la desaparici\u00f3n del joven \u00c1ngel Mario Ch\u00e1vez Pacheco, de 22 a\u00f1os, visto por \u00faltima vez el 6 de febrero en el fraccionamiento La Parota, de Puerto Escondido y Luis Ort\u00edz Cruz, de 44 a\u00f1os, visto por \u00faltima vez en la localidad de Loma Bonita, Santa Mar\u00eda Colotepec.<\/p>\n","protected":false},"excerpt":{"rendered":"<p>Yuridiana Sosa\/Zona Roja. Oaxaca de Ju\u00e1rez, Oax., 12 de febrero de 2024.- La desaparici\u00f3n de&hellip;<\/p>\n","protected":false},"author":2,"featured_media":65204,"comment_status":"closed","ping_status":"open","sticky":false,"template":"","format":"standard","meta":{"_lmt_disableupdate":"","_lmt_disable":"","_jetpack_memberships_contains_paid_content":false,"footnotes":""},"categories":[109,47],"tags":[642],"class_list":["post-65203","post","type-post","status-publish","format-standard","has-post-thumbnail","hentry","category-minuto-a-minuto","category-zona-gris","tag-personas-desaparecidas-oaxaca"],"jetpack_featured_media_url":"https:\/\/zonaroja.com.mx\/wp-content\/uploads\/2024\/02\/Desaparecidas-en-Oaxaca-febrero.jpg","jetpack_sharing_enabled":true,"_links":{"self":[{"href":"https:\/\/zonaroja.com.mx\/index.php?rest_route=\/wp\/v2\/posts\/65203","targetHints":{"allow":["GET"]}}],"collection":[{"href":"https:\/\/zonaroja.com.mx\/index.php?rest_route=\/wp\/v2\/posts"}],"about":[{"href":"https:\/\/zonaroja.com.mx\/index.php?rest_route=\/wp\/v2\/types\/post"}],"author":[{"embeddable":true,"href":"https:\/\/zonaroja.com.mx\/index.php?rest_route=\/wp\/v2\/users\/2"}],"replies":[{"embeddable":true,"href":"https:\/\/zonaroja.com.mx\/index.php?rest_route=%2Fwp%2Fv2%2Fcomments&post=65203"}],"version-history":[{"count":1,"href":"https:\/\/zonaroja.com.mx\/index.php?rest_route=\/wp\/v2\/posts\/65203\/revisions"}],"predecessor-version":[{"id":65205,"href":"https:\/\/zonaroja.com.mx\/index.php?rest_route=\/wp\/v2\/posts\/65203\/revisions\/65205"}],"wp:featuredmedia":[{"embeddable":true,"href":"https:\/\/zonaroja.com.mx\/index.php?rest_route=\/wp\/v2\/media\/65204"}],"wp:attachment":[{"href":"https:\/\/zonaroja.com.mx\/index.php?rest_route=%2Fwp%2Fv2%2Fmedia&parent=65203"}],"wp:term":[{"taxonomy":"category","embeddable":true,"href":"https:\/\/zonaroja.com.mx\/index.php?rest_route=%2Fwp%2Fv2%2Fcategories&post=65203"},{"taxonomy":"post_tag","embeddable":true,"href":"https:\/\/zonaroja.com.mx\/index.php?rest_route=%2Fwp%2Fv2%2Ftags&post=65203"}],"curies":[{"name":"wp","href":"https:\/\/api.w.org\/{rel}","templated":true}]}}