{"id":65206,"date":"2024-02-12T11:19:00","date_gmt":"2024-02-12T17:19:00","guid":{"rendered":"http:\/\/www.zonaroja.com.mx\/?p=65206"},"modified":"2024-02-12T08:21:59","modified_gmt":"2024-02-12T14:21:59","slug":"estados-unidos-puso-sus-ojos-sobre-lopez-obrador-desde-1991","status":"publish","type":"post","link":"https:\/\/zonaroja.com.mx\/?p=65206","title":{"rendered":"Estados Unidos puso sus ojos sobre L\u00f3pez Obrador desde 1991"},"content":{"rendered":"\n<p>Redacci\u00f3n\/Zona Roja Cdmx.<\/p>\n\n\n\n<p>Ciudad de M\u00e9xico, a 12 de febrero de 2024.- El Departamento de Estado de Estados Unidos le sigue la pista al presidente Andr\u00e9s Manuel L\u00f3pez Obrador por lo menos desde el llamado \u00c9xodo por la Democracia, cuando march\u00f3 desde Tabasco hacia el entonces Distrito Federal.<\/p>\n\n\n\n<p>Este movimiento inici\u00f3 a finales de noviembre de 1991, d\u00edas despu\u00e9s de las elecciones en las que el PRD acus\u00f3 al entonces gobernador del estado, Salvador Neme Castillo, de haber cometido un fraude electoral en los municipios de C\u00e1rdenas, Nacajuca y Macuspana.<\/p>\n\n\n\n<p>En el informe Lecciones pol\u00edticas de Tabasco, el departamento se\u00f1ala que el hoy Presidente fue la figura que m\u00e1s provecho sac\u00f3 a la marcha.<\/p>\n\n\n\n<p>\u201cLos ganadores m\u00e1s claros son el PRD de Tabasco y su l\u00edder, L\u00f3pez Obrador. El PRD obtuvo todas sus demandas, incluyendo la alcald\u00eda de C\u00e1rdenas. Adem\u00e1s, L\u00f3pez Obrador ha alcanzado una elevada posici\u00f3n a nivel nacional dentro del partido\u201d, se\u00f1al\u00f3 la embajada de Estados Unidos en su informe.<\/p>\n\n\n\n<p>Adem\u00e1s, el documento se\u00f1ala que, antes de la marcha, el entonces dirigente estatal perredista era conocido en Tabasco, a pesar de haber sido nominado para que fuera presidente nacional del partido por Cuauht\u00e9moc C\u00e1rdenas, cargo que L\u00f3pez Obrador rechaz\u00f3.<\/p>\n\n\n\n<p>Dentro del reporte, la representaci\u00f3n diplom\u00e1tica tambi\u00e9n aborda el rechazo del sol azteca a negociar con el gobierno del entonces presidente Carlos Salinas, algo a lo que presuntamente se opon\u00eda L\u00f3pez Obrador.<\/p>\n\n\n\n<p>M\u00e1s adelante apunta que el partido no se hab\u00eda beneficiado con su actitud de estar cerrado, por lo que despu\u00e9s de la \u2018victoria\u2019 \u201ccada vez m\u00e1s l\u00edderes del PRD est\u00e1n diciendo p\u00fablicamente que tal vez el PRD deber\u00eda participar en un di\u00e1logo\u201d.<\/p>\n\n\n\n<p>Finalmente, el reporte detalla que la delegaci\u00f3n del PRD lleg\u00f3 a un acuerdo con Fernando Guti\u00e9rrez Barrios, entonces secretario de Gobernaci\u00f3n, la noche del 11 de enero de 1992, despu\u00e9s de que el movimiento llegara al Z\u00f3calo capitalino.<\/p>\n\n\n\n<p>Esa noche, el gobierno federal y los perredistas acordaron que el PRD estar\u00eda al frente de un concejo municipal en C\u00e1rdenas. En Nacajuca y Macuspana, se anularon las elecciones y optaron por instalar concejos municipales mixtos con mayor\u00eda priista.<\/p>\n\n\n\n<p>(Informaci\u00f3n de \u00abEl Financiero\u00bb)<\/p>\n","protected":false},"excerpt":{"rendered":"<p>Redacci\u00f3n\/Zona Roja Cdmx. Ciudad de M\u00e9xico, a 12 de febrero de 2024.- El Departamento de&hellip;<\/p>\n","protected":false},"author":2,"featured_media":54657,"comment_status":"closed","ping_status":"open","sticky":false,"template":"","format":"standard","meta":{"_lmt_disableupdate":"","_lmt_disable":"","_jetpack_memberships_contains_paid_content":false,"footnotes":""},"categories":[109,47],"tags":[143],"class_list":["post-65206","post","type-post","status-publish","format-standard","has-post-thumbnail","hentry","category-minuto-a-minuto","category-zona-gris","tag-andres-manuel-lopez-obrador"],"jetpack_featured_media_url":"https:\/\/zonaroja.com.mx\/wp-content\/uploads\/2023\/04\/Andres-Manuel-Lopez-Obrador.jpg","jetpack_sharing_enabled":true,"_links":{"self":[{"href":"https:\/\/zonaroja.com.mx\/index.php?rest_route=\/wp\/v2\/posts\/65206","targetHints":{"allow":["GET"]}}],"collection":[{"href":"https:\/\/zonaroja.com.mx\/index.php?rest_route=\/wp\/v2\/posts"}],"about":[{"href":"https:\/\/zonaroja.com.mx\/index.php?rest_route=\/wp\/v2\/types\/post"}],"author":[{"embeddable":true,"href":"https:\/\/zonaroja.com.mx\/index.php?rest_route=\/wp\/v2\/users\/2"}],"replies":[{"embeddable":true,"href":"https:\/\/zonaroja.com.mx\/index.php?rest_route=%2Fwp%2Fv2%2Fcomments&post=65206"}],"version-history":[{"count":1,"href":"https:\/\/zonaroja.com.mx\/index.php?rest_route=\/wp\/v2\/posts\/65206\/revisions"}],"predecessor-version":[{"id":65207,"href":"https:\/\/zonaroja.com.mx\/index.php?rest_route=\/wp\/v2\/posts\/65206\/revisions\/65207"}],"wp:featuredmedia":[{"embeddable":true,"href":"https:\/\/zonaroja.com.mx\/index.php?rest_route=\/wp\/v2\/media\/54657"}],"wp:attachment":[{"href":"https:\/\/zonaroja.com.mx\/index.php?rest_route=%2Fwp%2Fv2%2Fmedia&parent=65206"}],"wp:term":[{"taxonomy":"category","embeddable":true,"href":"https:\/\/zonaroja.com.mx\/index.php?rest_route=%2Fwp%2Fv2%2Fcategories&post=65206"},{"taxonomy":"post_tag","embeddable":true,"href":"https:\/\/zonaroja.com.mx\/index.php?rest_route=%2Fwp%2Fv2%2Ftags&post=65206"}],"curies":[{"name":"wp","href":"https:\/\/api.w.org\/{rel}","templated":true}]}}