{"id":65208,"date":"2024-02-12T11:44:00","date_gmt":"2024-02-12T17:44:00","guid":{"rendered":"http:\/\/www.zonaroja.com.mx\/?p=65208"},"modified":"2024-02-12T08:47:16","modified_gmt":"2024-02-12T14:47:16","slug":"incendian-12-vehiculos-en-aguascalientes-ejecutan-a-tres-en-tabasco","status":"publish","type":"post","link":"https:\/\/zonaroja.com.mx\/?p=65208","title":{"rendered":"Incendian 12 veh\u00edculos en Aguascalientes; ejecutan a tres en Tabasco"},"content":{"rendered":"\n<p>Redacci\u00f3n\/Zona Roja Cdmx.<\/p>\n\n\n\n<p>Ciudad de M\u00e9xico, a 12 de febrero de 2024.- Al menos 12 veh\u00edculos fueron incendiados la noche del s\u00e1bado en diversos puntos de la ciudad de Aguascalientes, sobre todo en la zona oriente.<\/p>\n\n\n\n<p>Este domingo las autoridades informaron que se detuvo a cinco presuntos responsables de prender fuego a nueve automotores, entre ellos dos taxis, un cami\u00f3n de transporte de personal y un tr\u00e1iler que estaban estacionados en la v\u00eda p\u00fablica.<\/p>\n\n\n\n<p>En videos en poder de \u201cLa Jornada\u201d se aprecia que a las 22:08 horas dos parejas a bordo de dos motocicletas incendiaron un cami\u00f3n de la empresa Transportes Sure\u00f1a, dedicado al traslado de personal. Las im\u00e1genes fueron captadas por la c\u00e1mara de vigilancia de una vivienda ubicada frente a la unidad siniestrada.<\/p>\n\n\n\n<p>Previamente, a las 20:13 horas, en el fraccionamiento Jes\u00fas Ter\u00e1n, en el oriente de la ciudad, fue quemado un taxi Nissan March blanco, al igual que otro coche de la misma marca en el fraccionamiento Ojocaliente 1.<\/p>\n\n\n\n<p>A las 21:14 horas, en el fraccionamiento Jos\u00e9 L\u00f3pez Portillo, en el sur de la capital, desconocidos prendieron fuego a un Honda Accord blanco convertible, y a las 21:50 horas, en la avenida Paseo de la Cruz del fraccionamiento Volcanes, un tr\u00e1iler fue quemado.<\/p>\n\n\n\n<p>El resto de las agresiones se cometieron en los fraccionamientos G\u00f3mez Portugal, Vistas de Oriente y Miradores, al igual que en la avenida H\u00e9roe de Nacozari.<\/p>\n\n\n\n<p>EN TABASCO<\/p>\n\n\n\n<p>Un enfrentamiento a balazos ocurrido la madrugada del domingo en el bar \u201cHope\u201d 52 de la zona Tabasco 2000 de Villahermosa dej\u00f3 tres muertos y siete detenidos; adem\u00e1s, elementos de la Secretar\u00eda de Seguridad y Protecci\u00f3n Ciudadana (SSPC) tabasque\u00f1a se incautaron de un arma de fuego y tres veh\u00edculos.<\/p>\n\n\n\n<p>La SSPC dio a conocer en un comunicado que como parte del operativo Tabasco Seguro, elementos de la corporaci\u00f3n tambi\u00e9n confiscaron un arma de fuego y tres veh\u00edculos, entre ellos una camioneta Jeep Cherokee, y mencion\u00f3 que ya se investigan las causas de la refriega.<\/p>\n\n\n\n<p>Versiones en redes sociales aseguran que el tiroteo fue resultado de que un comando trat\u00f3 de secuestrar a un joven, cuyos escoltas repelieron el ataque.<\/p>\n\n\n\n<p>EN CHIAPAS<\/p>\n\n\n\n<p>Habitantes de Pantelh\u00f3, Chiapas, pidieron la intervenci\u00f3n de las autoridades federales, estatales y municipales para que se restablezca el servicio de energ\u00eda el\u00e9ctrica, cortado por \u201csicarios de la familia Herrera Abarca\u201d que el viernes atacaron la comunidad de San Clemente y otras.<\/p>\n\n\n\n<p>En un documento difundido la tarde del domingo, denunciaron que decenas de poblados de Pantelh\u00f3 y Chenalh\u00f3 est\u00e1n sin luz desde el viernes, por lo que \u201ces urgente\u201d la intervenci\u00f3n de los tres niveles de gobierno.<\/p>\n\n\n\n<p>Durante el ataque, que deriv\u00f3 en un enfrentamiento entre integrantes de Los Herrera y las autodefensas de El Machete, murieron los ind\u00edgenas Ger\u00f3nimo y Miguel \u00c1ngel Jim\u00e9nez Entz\u00edn, de 27 y 25 a\u00f1os, respectivamente, pertenecientes al primer grupo.<\/p>\n\n\n\n<p>EN ZACATECAS<\/p>\n\n\n\n<p>Cuatro personas han sido detenidas y est\u00e1n sujetas a investigaci\u00f3n por su presunta participaci\u00f3n en los homicidios de dos integrantes de la familia del gobernador David Monreal \u00c1vila y el senador Ricardo Monreal \u00c1vila, perpetrados la semana pasada, informaron en conferencia de prensa la Fiscal\u00eda General de Justicia del Estado (FGJE) y la Secretar\u00eda de Seguridad P\u00fablica de Zacatecas (SSPZ).<\/p>\n\n\n\n<p>El mi\u00e9rcoles pasado, en Fresnillo, fue asesinado Juan Carlos P\u00e9rez Guardado, cu\u00f1ado de Ricardo Monreal, y el s\u00e1bado, en Plateros \u2013poblado de dicho municipio de donde es originaria la familia\u2013 fue ultimado Jorge Antonio Monreal Mart\u00ednez, sobrino del legislador y del mandatario estatal.<\/p>\n\n\n\n<p>El fiscal Cristian Camacho Osnaya asegur\u00f3 que hasta ayer se hab\u00edan ejecutado seis \u00f3rdenes de cateo en colaboraci\u00f3n con la SSPZ y hay cuatro detenidos por su presunta participaci\u00f3n en el crimen de P\u00e9rez Guardado; adem\u00e1s, se han asegurado varias motocicletas.<\/p>\n\n\n\n<p>(Informaci\u00f3n de \u201cLa Jornada\u201d)<\/p>\n","protected":false},"excerpt":{"rendered":"<p>Redacci\u00f3n\/Zona Roja Cdmx. Ciudad de M\u00e9xico, a 12 de febrero de 2024.- Al menos 12&hellip;<\/p>\n","protected":false},"author":2,"featured_media":48309,"comment_status":"closed","ping_status":"open","sticky":false,"template":"","format":"standard","meta":{"_lmt_disableupdate":"","_lmt_disable":"","_jetpack_memberships_contains_paid_content":false,"footnotes":""},"categories":[109,47],"tags":[1746],"class_list":["post-65208","post","type-post","status-publish","format-standard","has-post-thumbnail","hentry","category-minuto-a-minuto","category-zona-gris","tag-violencia-en-mexico"],"jetpack_featured_media_url":"https:\/\/zonaroja.com.mx\/wp-content\/uploads\/2022\/11\/Escena-crimen-violencia-homicidio.jpg","jetpack_sharing_enabled":true,"_links":{"self":[{"href":"https:\/\/zonaroja.com.mx\/index.php?rest_route=\/wp\/v2\/posts\/65208","targetHints":{"allow":["GET"]}}],"collection":[{"href":"https:\/\/zonaroja.com.mx\/index.php?rest_route=\/wp\/v2\/posts"}],"about":[{"href":"https:\/\/zonaroja.com.mx\/index.php?rest_route=\/wp\/v2\/types\/post"}],"author":[{"embeddable":true,"href":"https:\/\/zonaroja.com.mx\/index.php?rest_route=\/wp\/v2\/users\/2"}],"replies":[{"embeddable":true,"href":"https:\/\/zonaroja.com.mx\/index.php?rest_route=%2Fwp%2Fv2%2Fcomments&post=65208"}],"version-history":[{"count":1,"href":"https:\/\/zonaroja.com.mx\/index.php?rest_route=\/wp\/v2\/posts\/65208\/revisions"}],"predecessor-version":[{"id":65209,"href":"https:\/\/zonaroja.com.mx\/index.php?rest_route=\/wp\/v2\/posts\/65208\/revisions\/65209"}],"wp:featuredmedia":[{"embeddable":true,"href":"https:\/\/zonaroja.com.mx\/index.php?rest_route=\/wp\/v2\/media\/48309"}],"wp:attachment":[{"href":"https:\/\/zonaroja.com.mx\/index.php?rest_route=%2Fwp%2Fv2%2Fmedia&parent=65208"}],"wp:term":[{"taxonomy":"category","embeddable":true,"href":"https:\/\/zonaroja.com.mx\/index.php?rest_route=%2Fwp%2Fv2%2Fcategories&post=65208"},{"taxonomy":"post_tag","embeddable":true,"href":"https:\/\/zonaroja.com.mx\/index.php?rest_route=%2Fwp%2Fv2%2Ftags&post=65208"}],"curies":[{"name":"wp","href":"https:\/\/api.w.org\/{rel}","templated":true}]}}