{"id":65211,"date":"2024-02-12T14:11:04","date_gmt":"2024-02-12T20:11:04","guid":{"rendered":"http:\/\/www.zonaroja.com.mx\/?p=65211"},"modified":"2024-02-12T14:11:05","modified_gmt":"2024-02-12T20:11:05","slug":"lanzan-oaxaca-segura-para-abatir-inseguridad-en-la-capital-y-zona-conurbada","status":"publish","type":"post","link":"https:\/\/zonaroja.com.mx\/?p=65211","title":{"rendered":"Lanzan \u201cOaxaca Segura\u201d para abatir inseguridad en la capital y zona conurbada&nbsp;"},"content":{"rendered":"\n<p>Yuridiana Sosa\/ Zona Roja.<\/p>\n\n\n\n<p>Oaxaca de Ju\u00e1rez, Oax., 12 de febrero de 2024.- Ante los constantes hechos de delictivos en la capital de Oaxaca y zona conurbada, el Gobierno del Estado  puso en marcha el programa \u201cOaxaca Segura\u201d, en el que se implementar\u00e1n diversas acciones de prevenci\u00f3n y despliegue de estado de fuerza.<\/p>\n\n\n\n<p>Desde la colonia Netzahualc\u00f3yotl, de la agencia de San Mart\u00edn Mexic\u00e1pam, de la capital, el mandatario Salom\u00f3n Jara Cruz, anunci\u00f3 el inicio de las actividades de seguridad, en las que tambi\u00e9n se har\u00e1 uso de las tecnolog\u00edas con el C-4.<\/p>\n\n\n\n<p>\u201cLa seguridad, la paz y la justicia son la base del cambio profundo que estamos forjando para la reparaci\u00f3n hist\u00f3rica para nuestros pueblos\u201d, resalt\u00f3.<\/p>\n\n\n\n<p>Por ello, asegur\u00f3, se genera una mejor coordinaci\u00f3n entre las corporaciones federales y estatales, con m\u00e1s elementos, veh\u00edculos y equipo t\u00e1ctico, as\u00ed como trabajan en fortalecer la confianza de la ciudadan\u00eda en las instituciones.<\/p>\n\n\n\n<p>\u201cPara la primavera oaxaque\u00f1a es fundamental articular y construir un nuevo modelo de seguridad\u201d, expres\u00f3.<\/p>\n\n\n\n<p>En el programa participan 20 instituciones, quienes tienen a su cargo diversas acciones que se implementar\u00e1n a favor de los 16 municipios de los Valles Centrales donde se lleva a cabo por primera vez \u201cOaxaca Segura\u201d.<\/p>\n\n\n\n<p>EL PROGRAMA<\/p>\n\n\n\n<p>El secretario de Gobierno, Jes\u00fas Romero L\u00f3pez, se\u00f1al\u00f3 que este programa es producto de un diagn\u00f3stico implementado por distintas instituciones en materia de seguridad, por lo que se determin\u00f3 amplificar una estrategia en un territorio espec\u00edfico del estado de Oaxaca, el cual es donde existe una mayor incidencia de delitos y en la comisi\u00f3n de delitos de alto impacto.<\/p>\n\n\n\n<p>El programa cuenta con dos ejes, el primero con acciones de prevenci\u00f3n y atenci\u00f3n a las causas y &nbsp;el segundo con el despliegue territorial de estado de fuerza, que incluye acciones operativas y el &nbsp;C4, uso de tecnolog\u00edas<\/p>\n\n\n\n<p>Romero L\u00f3pez detall\u00f3 que&nbsp; entre las tareas se pone en marcha \u201cVecinas y vecinos por la paz\u201d, y con ello &nbsp;se pretende trabajar para prevenir la incidencia de delitos con la participaci\u00f3n ciudadana; as\u00ed como se atender\u00e1n las causas que originaron la situaci\u00f3n de violencia en los pol\u00edgonos determinados c\u00f3mo focos rojos.<\/p>\n\n\n\n<p>Otra acci\u00f3n es \u201cJornada sin drogas: Salva tu vida\u201d, que se implementar\u00e1 en los focos de atenci\u00f3n, para impulsar acercamiento a las artes oferta laboral para juventudes,&nbsp; el deporte, &nbsp;atenciones de la salud mental y atenci\u00f3n a la deserci\u00f3n escolar.&nbsp;<\/p>\n\n\n\n<p>Se implementar\u00e1n adem\u00e1s jornadas de paz y justicia para mujeres adolescentes y ni\u00f1as y el canje de juguetes b\u00e9licos en todas las comunidades; &nbsp;acciones de prevenci\u00f3n de las violencias contra ni\u00f1os ni\u00f1as y adolescentes por medio de los programas \u201cCu\u00eddame con ternura\u201d y \u201cCamino seguro a la escuela\u201d.<\/p>\n\n\n\n<p>Adem\u00e1s, se llevar\u00e1 a cabo la recuperaci\u00f3n de espacios p\u00fablicos, y con la atenci\u00f3n de \u201cIluminando Oaxaca\u201d &nbsp;se rehabilitar\u00e1n senderos para hacerlos seguros y a trav\u00e9s de tequios&nbsp; Bienestar.&nbsp;<\/p>\n\n\n\n<p>Sobre el eje 2, ser\u00e1 el despliegue territorial de estado de fuerza con la distribuci\u00f3n entre fuerzas federales y estatales, con un total de 154 elementos de seguridad, 36 veh\u00edculos y 25 equipos de radiocomunicaci\u00f3n.&nbsp;<\/p>\n\n\n\n<p>Entre sus acciones, se encuentra la de interceptar rutas urbanas en marcha, de manera intermitente; &nbsp;y de forma permanente aplicar\u00e1n monitoreo en los denominados puntos de calor,&nbsp; donde se cometen en la mayor incidencia.<\/p>\n\n\n\n<p>Los 12 puntos \u201crojo\u201d son: Parque del amor, Central de Abasto, Bodega Aurrera de &nbsp;Santa Rosa, Estadio de B\u00e9isbol, Col\u00f3n &#8211; Bustamante,&nbsp;20 de noviembre&nbsp;y las Casas, J.P. Garc\u00eda &#8211; Aldama, Las Casas &#8211; Galeana, Murgu\u00eda &#8211; Melchor Ocampo, Trujano &#8211; Mier&nbsp; y Ter\u00e1n, Miguel Hidalgo &#8211; Xicot\u00e9ncatl y Fiallo con Guerrero.<\/p>\n\n\n\n<p>&nbsp;Romero L\u00f3pez indic\u00f3 que el operativo estar\u00e1 vigente y puesto a evaluaci\u00f3n durante 150 d\u00edas, con el objetivo de reducir los \u00edndices de delincuencia en la capital del estado y municipios conurbados.<\/p>\n","protected":false},"excerpt":{"rendered":"<p>Yuridiana Sosa\/ Zona Roja. Oaxaca de Ju\u00e1rez, Oax., 12 de febrero de 2024.- Ante los&hellip;<\/p>\n","protected":false},"author":2,"featured_media":65210,"comment_status":"closed","ping_status":"open","sticky":false,"template":"","format":"standard","meta":{"_lmt_disableupdate":"","_lmt_disable":"","_jetpack_memberships_contains_paid_content":false,"footnotes":""},"categories":[109,46],"tags":[],"class_list":["post-65211","post","type-post","status-publish","format-standard","has-post-thumbnail","hentry","category-minuto-a-minuto","category-zona-blanca"],"jetpack_featured_media_url":"https:\/\/zonaroja.com.mx\/wp-content\/uploads\/2024\/02\/img_9949-1.jpg","jetpack_sharing_enabled":true,"_links":{"self":[{"href":"https:\/\/zonaroja.com.mx\/index.php?rest_route=\/wp\/v2\/posts\/65211","targetHints":{"allow":["GET"]}}],"collection":[{"href":"https:\/\/zonaroja.com.mx\/index.php?rest_route=\/wp\/v2\/posts"}],"about":[{"href":"https:\/\/zonaroja.com.mx\/index.php?rest_route=\/wp\/v2\/types\/post"}],"author":[{"embeddable":true,"href":"https:\/\/zonaroja.com.mx\/index.php?rest_route=\/wp\/v2\/users\/2"}],"replies":[{"embeddable":true,"href":"https:\/\/zonaroja.com.mx\/index.php?rest_route=%2Fwp%2Fv2%2Fcomments&post=65211"}],"version-history":[{"count":1,"href":"https:\/\/zonaroja.com.mx\/index.php?rest_route=\/wp\/v2\/posts\/65211\/revisions"}],"predecessor-version":[{"id":65212,"href":"https:\/\/zonaroja.com.mx\/index.php?rest_route=\/wp\/v2\/posts\/65211\/revisions\/65212"}],"wp:featuredmedia":[{"embeddable":true,"href":"https:\/\/zonaroja.com.mx\/index.php?rest_route=\/wp\/v2\/media\/65210"}],"wp:attachment":[{"href":"https:\/\/zonaroja.com.mx\/index.php?rest_route=%2Fwp%2Fv2%2Fmedia&parent=65211"}],"wp:term":[{"taxonomy":"category","embeddable":true,"href":"https:\/\/zonaroja.com.mx\/index.php?rest_route=%2Fwp%2Fv2%2Fcategories&post=65211"},{"taxonomy":"post_tag","embeddable":true,"href":"https:\/\/zonaroja.com.mx\/index.php?rest_route=%2Fwp%2Fv2%2Ftags&post=65211"}],"curies":[{"name":"wp","href":"https:\/\/api.w.org\/{rel}","templated":true}]}}