{"id":65215,"date":"2024-02-12T17:38:48","date_gmt":"2024-02-12T23:38:48","guid":{"rendered":"http:\/\/www.zonaroja.com.mx\/?p=65215"},"modified":"2024-02-12T17:38:50","modified_gmt":"2024-02-12T23:38:50","slug":"con-marcha-inician-normalistas-jornada-de-movilizaciones-en-oaxaca","status":"publish","type":"post","link":"https:\/\/zonaroja.com.mx\/?p=65215","title":{"rendered":"Con marcha, inician normalistas jornada de movilizaciones en Oaxaca"},"content":{"rendered":"\n<p>Yuridiana Sosa\/Zona Roja.<\/p>\n\n\n\n<p>Oaxaca de Ju\u00e1rez, Oax., 12 de febrero de 2024.- Alumnos adheridos a la Coordinadora Estudiantil Normalista del Estado de Oaxaca (CENEO) iniciaron hoy su jornada de movilizaciones, con una marcha y la entrega de un nuevo pliego de peticiones, en la que plantean exigencias incumplidas por el Instituto Estatal de Educaci\u00f3n P\u00fablica de Oaxaca (IEEPO).<\/p>\n\n\n\n<p>Los normalistas, quienes han desmentido en reiteradas ocasiones las atenciones a sus exigencias, como lo se\u00f1ala su titular Emilio Montero, indicaron que entre las peticiones planteadas este 2024 se encuentra la transparencia a los procesos de admisi\u00f3n y que las evaluaciones sean aplicadas por la Universidad Pedag\u00f3gica Nacional (UPN).<\/p>\n\n\n\n<p>Por ello, remarcaron su rechazo al Sistema para la Carrera de las Maestros y Maestros (Usicamm) como la \u00fanica v\u00eda para la contrataci\u00f3n directa de docentes.<\/p>\n\n\n\n<p>As\u00ed tambi\u00e9n exigieron respeto a las minutas de la CENEO, misma que se\u00f1al\u00f3 que frente a su lucha de protesta las normales se encuentran unidas.<\/p>\n\n\n\n<p>Los normalistas dieron al Instituto Estatal de Educaci\u00f3n P\u00fablica de Oaxaca y al gobierno estatal un plazo de 10 d\u00edas h\u00e1biles para entregar respuestas favorables a &nbsp;sus demandas.<\/p>\n\n\n\n<p>De no contar con los planteamientos, emprender\u00e1n movilizaciones, las cuales ir\u00e1n en aumento de intensidad.<\/p>\n\n\n\n<p>Para la entrega del pliego, los normalistas realizaron una marcha masiva de las instalaciones de crucero de la antigua sede del IEEPO hacia el z\u00f3calo de la capital.<\/p>\n\n\n\n<p>Durante su recorrido no se registraron incidencias, tampoco durante su estancia en el z\u00f3calo, donde culminaron su actividad tras el mitin.<\/p>\n\n\n\n<p>Para la entrega del pliego petitorio, una comisi\u00f3n de normalistas ingres\u00f3 al Palacio de Gobierno, sin ning\u00fan contratiempo.<\/p>\n","protected":false},"excerpt":{"rendered":"<p>Yuridiana Sosa\/Zona Roja. Oaxaca de Ju\u00e1rez, Oax., 12 de febrero de 2024.- Alumnos adheridos a&hellip;<\/p>\n","protected":false},"author":2,"featured_media":65216,"comment_status":"closed","ping_status":"open","sticky":false,"template":"","format":"standard","meta":{"_lmt_disableupdate":"","_lmt_disable":"","_jetpack_memberships_contains_paid_content":false,"footnotes":""},"categories":[109,47],"tags":[1926],"class_list":["post-65215","post","type-post","status-publish","format-standard","has-post-thumbnail","hentry","category-minuto-a-minuto","category-zona-gris","tag-coordinadora-estudiantil-normalista-del-estado-de-oaxaca-ceneo"],"jetpack_featured_media_url":"https:\/\/zonaroja.com.mx\/wp-content\/uploads\/2024\/02\/Marcha-normalistas-ciudad-de-Oaxaca-CENEO.jpg","jetpack_sharing_enabled":true,"_links":{"self":[{"href":"https:\/\/zonaroja.com.mx\/index.php?rest_route=\/wp\/v2\/posts\/65215","targetHints":{"allow":["GET"]}}],"collection":[{"href":"https:\/\/zonaroja.com.mx\/index.php?rest_route=\/wp\/v2\/posts"}],"about":[{"href":"https:\/\/zonaroja.com.mx\/index.php?rest_route=\/wp\/v2\/types\/post"}],"author":[{"embeddable":true,"href":"https:\/\/zonaroja.com.mx\/index.php?rest_route=\/wp\/v2\/users\/2"}],"replies":[{"embeddable":true,"href":"https:\/\/zonaroja.com.mx\/index.php?rest_route=%2Fwp%2Fv2%2Fcomments&post=65215"}],"version-history":[{"count":1,"href":"https:\/\/zonaroja.com.mx\/index.php?rest_route=\/wp\/v2\/posts\/65215\/revisions"}],"predecessor-version":[{"id":65217,"href":"https:\/\/zonaroja.com.mx\/index.php?rest_route=\/wp\/v2\/posts\/65215\/revisions\/65217"}],"wp:featuredmedia":[{"embeddable":true,"href":"https:\/\/zonaroja.com.mx\/index.php?rest_route=\/wp\/v2\/media\/65216"}],"wp:attachment":[{"href":"https:\/\/zonaroja.com.mx\/index.php?rest_route=%2Fwp%2Fv2%2Fmedia&parent=65215"}],"wp:term":[{"taxonomy":"category","embeddable":true,"href":"https:\/\/zonaroja.com.mx\/index.php?rest_route=%2Fwp%2Fv2%2Fcategories&post=65215"},{"taxonomy":"post_tag","embeddable":true,"href":"https:\/\/zonaroja.com.mx\/index.php?rest_route=%2Fwp%2Fv2%2Ftags&post=65215"}],"curies":[{"name":"wp","href":"https:\/\/api.w.org\/{rel}","templated":true}]}}