{"id":65218,"date":"2024-02-12T17:50:49","date_gmt":"2024-02-12T23:50:49","guid":{"rendered":"http:\/\/www.zonaroja.com.mx\/?p=65218"},"modified":"2024-02-12T17:50:51","modified_gmt":"2024-02-12T23:50:51","slug":"registra-oaxaca-este-ano-25-incendios-forestales-que-han-danado-mil-91-has","status":"publish","type":"post","link":"https:\/\/zonaroja.com.mx\/?p=65218","title":{"rendered":"Registra Oaxaca este a\u00f1o 25 incendios forestales que han da\u00f1ado mil 91 has"},"content":{"rendered":"\n<p>Redacci\u00f3n\/Zona Roja.<\/p>\n\n\n\n<p>Oaxaca de Ju\u00e1rez, Oax. 12 de febrero de 2024.- En menos de un mes y medio, en Oaxaca se han registrado 25 incendios forestales, que en total han afectado una superficie de mil 091 hect\u00e1reas, en su mayor\u00eda de pastizales.<\/p>\n\n\n\n<p>En un comunicado, el Gobierno del Estado inform\u00f3 que, a trav\u00e9s de la Comisi\u00f3n Estatal Forestal (Coesfo), las conflagraciones ocurridas el domingo 11 de febrero en las comunidades de San Juan Quiotepec y San Andr\u00e9s Ixtlahuaca han sido liquidados, mientras los de Villa Sola de Vega y Santa Catarina Ixtepeji permanecen activos; el \u00faltimo de ellos controlado al 100 por ciento y liquidado en un 90 por ciento.&nbsp;<\/p>\n\n\n\n<p>Indic\u00f3 que de los 25 incendios forestales ocurridos en la entidad, 17 han sido atendidos de manera oportuna con labores de combate, control y liquidaci\u00f3n por las diferentes brigadas de combatientes de incendios forestales con las que cuenta la dependencia, y ocho no han necesitado mayor movilizaci\u00f3n.<\/p>\n\n\n\n<p>Asimismo, del total de eventos, 15 han afectado cobertura forestal y 10 cobertura vegetal.<\/p>\n\n\n\n<p>Valles Centrales, Istmo, Mixteca, Sierra de Ju\u00e1rez, Sierra Sur y Costa son las regiones que han sido afectadas, las cuales suman de manera preliminar un total de mil 091.18 hect\u00e1reas de afectaci\u00f3n: 114.83 de cobertura de pastizal y 976.35 de cobertura forestal.<\/p>\n\n\n\n<p>Referente al incendio acontecido en San Lorenzo Cacaotepec, se realizaron labores de combate, control y liquidaci\u00f3n a trav\u00e9s de la Brigada de Combatientes de Incendios Forestales con sede en El Tequio Xoxocotl\u00e1n y Corral de Piedra, quienes contaron con el apoyo de integrantes del cabildo, Polic\u00eda Municipal, relleno sanitario y personas param\u00e9dicas, adem\u00e1s de mujeres y hombres comuneros de la poblaci\u00f3n y de San Felipe Tejal\u00e1pam.<\/p>\n\n\n\n<p>En cuanto al incendio suscitado en San Andr\u00e9s Ixtlahuaca, se atendi\u00f3 a trav\u00e9s de la Brigada de Combatientes con sede en El Tequio Xoxocotl\u00e1n, y se cont\u00f3 con el apoyo de alrededor de 100 personas comuneras y voluntarias de San Andr\u00e9s Ixtlahuaca y 80 de San Jos\u00e9 Atzompa.<\/p>\n\n\n\n<p>En Santa Catarina Ixtepeji se cont\u00f3 con el apoyo de alrededor de 800 personas due\u00f1as y poseedoras de terrenos forestales, as\u00ed como del trabajo interinstitucional de la Comisi\u00f3n Nacional Forestal (Conafor) con la participaci\u00f3n de 12 elementos, dos veh\u00edculos Tacoma y dos especializados Unimog, as\u00ed como 36 elementos de Coesfo y tres de la Secretar\u00eda de Fomento Agroalimentario y Desarrollo Rural (Sefader).<\/p>\n\n\n\n<p>Asimismo, 70 elementos de la Guardia Nacional, 14 elementos de la Secretar\u00eda de la Defensa Nacional (Sedena), 10 elementos del Heroico Cuerpo de Bomberos, tres elementos de la Coordinaci\u00f3n Estatal de Protecci\u00f3n Civil y Gesti\u00f3n de Riesgos (CEPCyGR),11 polic\u00edas estatales, 14 polic\u00edas viales y cinco pipas de agua por parte del Sistema Operador de los Servicios de Agua Potable y Alcantarillado (Soapa).<\/p>\n\n\n\n<p>Cabe recalcar que debido a que se aproxima la temporada de estiaje, el Gobierno del Estado exhorta a la poblaci\u00f3n en general a evitar hacer uso de fuego cerca de zonas con cobertura forestal y vegetal, y en caso de ser necesario reportar incendios forestales a los n\u00fameros de la Coesfo: 951 516 5112, 951 503 2537, 951 503 2166 o bien al n\u00famero de emergencias 9-1-1.<\/p>\n","protected":false},"excerpt":{"rendered":"<p>Redacci\u00f3n\/Zona Roja. Oaxaca de Ju\u00e1rez, Oax. 12 de febrero de 2024.- En menos de un&hellip;<\/p>\n","protected":false},"author":2,"featured_media":65219,"comment_status":"closed","ping_status":"open","sticky":false,"template":"","format":"standard","meta":{"_lmt_disableupdate":"","_lmt_disable":"","_jetpack_memberships_contains_paid_content":false,"footnotes":""},"categories":[109,47],"tags":[1256],"class_list":["post-65218","post","type-post","status-publish","format-standard","has-post-thumbnail","hentry","category-minuto-a-minuto","category-zona-gris","tag-incendios-forestales-oaxaca"],"jetpack_featured_media_url":"https:\/\/zonaroja.com.mx\/wp-content\/uploads\/2024\/02\/FOTO-5-Atiende-Gobierno-de-Oaxaca-incendios-forestales-suscitados-en-la-entidad-.jpeg","jetpack_sharing_enabled":true,"_links":{"self":[{"href":"https:\/\/zonaroja.com.mx\/index.php?rest_route=\/wp\/v2\/posts\/65218","targetHints":{"allow":["GET"]}}],"collection":[{"href":"https:\/\/zonaroja.com.mx\/index.php?rest_route=\/wp\/v2\/posts"}],"about":[{"href":"https:\/\/zonaroja.com.mx\/index.php?rest_route=\/wp\/v2\/types\/post"}],"author":[{"embeddable":true,"href":"https:\/\/zonaroja.com.mx\/index.php?rest_route=\/wp\/v2\/users\/2"}],"replies":[{"embeddable":true,"href":"https:\/\/zonaroja.com.mx\/index.php?rest_route=%2Fwp%2Fv2%2Fcomments&post=65218"}],"version-history":[{"count":1,"href":"https:\/\/zonaroja.com.mx\/index.php?rest_route=\/wp\/v2\/posts\/65218\/revisions"}],"predecessor-version":[{"id":65220,"href":"https:\/\/zonaroja.com.mx\/index.php?rest_route=\/wp\/v2\/posts\/65218\/revisions\/65220"}],"wp:featuredmedia":[{"embeddable":true,"href":"https:\/\/zonaroja.com.mx\/index.php?rest_route=\/wp\/v2\/media\/65219"}],"wp:attachment":[{"href":"https:\/\/zonaroja.com.mx\/index.php?rest_route=%2Fwp%2Fv2%2Fmedia&parent=65218"}],"wp:term":[{"taxonomy":"category","embeddable":true,"href":"https:\/\/zonaroja.com.mx\/index.php?rest_route=%2Fwp%2Fv2%2Fcategories&post=65218"},{"taxonomy":"post_tag","embeddable":true,"href":"https:\/\/zonaroja.com.mx\/index.php?rest_route=%2Fwp%2Fv2%2Ftags&post=65218"}],"curies":[{"name":"wp","href":"https:\/\/api.w.org\/{rel}","templated":true}]}}