{"id":6522,"date":"2019-12-09T22:07:59","date_gmt":"2019-12-10T04:07:59","guid":{"rendered":"http:\/\/www.zonaroja.com.mx\/?p=6522"},"modified":"2019-12-09T22:14:36","modified_gmt":"2019-12-10T04:14:36","slug":"reportan-un-muerto-a-balazos-en-amoltepec-otro-homicidio-en-juchitan","status":"publish","type":"post","link":"https:\/\/zonaroja.com.mx\/?p=6522","title":{"rendered":"Reportan un muerto a balazos en Amoltepec; otro homicidio en Juchit\u00e1n"},"content":{"rendered":"\n<p>Redacci\u00f3n\/Zona Roja.<\/p>\n\n\n\n<p>Oaxaca de Ju\u00e1rez, Oax., 9 de diciembre de\n2019.- Una persona fue asesinada a balazos la ma\u00f1ana de este lunes en Santiago\nAmoltepec, municipio de la regi\u00f3n Sierra Sur de Oaxaca.<\/p>\n\n\n\n<p>Sin embargo, hasta el momento no se ha dado a\nconocer su identidad, debido a la distancia y la intrincada orograf\u00eda de esa\nlocalidad, una de las m\u00e1s marginadas del estado.<\/p>\n\n\n\n<p>Apenas el pasado 12 de octubre se reportaron\notros hechos violentos, sucedidos en el marco de la elecci\u00f3n de autoridades\nmunicipales, por el sistema de usos y costumbres.<\/p>\n\n\n\n<p>En ese entonces, presuntamente Mario\nHern\u00e1ndez Garc\u00eda, uno de los aspirantes a edil, dispar\u00f3 en contra de otro\ncontendiente, Evaristo Ria\u00f1o, quien result\u00f3 ileso.<\/p>\n\n\n\n<p>Por otra parte, en Juchit\u00e1n de Zaragoza se\nreport\u00f3 el asesinato de un hombre, identificado como Tom\u00e1s M. L., en un rancho\nde la zona del estero, en el tramo carretero que conduce a Uni\u00f3n Hidalgo.<\/p>\n\n\n\n<p>Se presume que fue ultimado a balazos pero\nlos familiares se llevaron de inmediato el cuerpo a su domicilio, sin esperar\nla labor del Ministerio P\u00fablico; el hoy occiso ten\u00eda su domicilio en la Octava\nSecci\u00f3n de Juchit\u00e1n.<\/p>\n","protected":false},"excerpt":{"rendered":"<p>Redacci\u00f3n\/Zona Roja. Oaxaca de Ju\u00e1rez, Oax., 9 de diciembre de 2019.- Una persona fue asesinada&hellip;<\/p>\n","protected":false},"author":2,"featured_media":6429,"comment_status":"closed","ping_status":"open","sticky":false,"template":"","format":"standard","meta":{"_lmt_disableupdate":"","_lmt_disable":"","_jetpack_memberships_contains_paid_content":false,"footnotes":""},"categories":[109,51],"tags":[860],"class_list":["post-6522","post","type-post","status-publish","format-standard","has-post-thumbnail","hentry","category-minuto-a-minuto","category-zona-roja","tag-santiago-amoltepec"],"jetpack_featured_media_url":"https:\/\/zonaroja.com.mx\/wp-content\/uploads\/2019\/12\/IMG_1175.jpg","jetpack_sharing_enabled":true,"_links":{"self":[{"href":"https:\/\/zonaroja.com.mx\/index.php?rest_route=\/wp\/v2\/posts\/6522","targetHints":{"allow":["GET"]}}],"collection":[{"href":"https:\/\/zonaroja.com.mx\/index.php?rest_route=\/wp\/v2\/posts"}],"about":[{"href":"https:\/\/zonaroja.com.mx\/index.php?rest_route=\/wp\/v2\/types\/post"}],"author":[{"embeddable":true,"href":"https:\/\/zonaroja.com.mx\/index.php?rest_route=\/wp\/v2\/users\/2"}],"replies":[{"embeddable":true,"href":"https:\/\/zonaroja.com.mx\/index.php?rest_route=%2Fwp%2Fv2%2Fcomments&post=6522"}],"version-history":[{"count":1,"href":"https:\/\/zonaroja.com.mx\/index.php?rest_route=\/wp\/v2\/posts\/6522\/revisions"}],"predecessor-version":[{"id":6523,"href":"https:\/\/zonaroja.com.mx\/index.php?rest_route=\/wp\/v2\/posts\/6522\/revisions\/6523"}],"wp:featuredmedia":[{"embeddable":true,"href":"https:\/\/zonaroja.com.mx\/index.php?rest_route=\/wp\/v2\/media\/6429"}],"wp:attachment":[{"href":"https:\/\/zonaroja.com.mx\/index.php?rest_route=%2Fwp%2Fv2%2Fmedia&parent=6522"}],"wp:term":[{"taxonomy":"category","embeddable":true,"href":"https:\/\/zonaroja.com.mx\/index.php?rest_route=%2Fwp%2Fv2%2Fcategories&post=6522"},{"taxonomy":"post_tag","embeddable":true,"href":"https:\/\/zonaroja.com.mx\/index.php?rest_route=%2Fwp%2Fv2%2Ftags&post=6522"}],"curies":[{"name":"wp","href":"https:\/\/api.w.org\/{rel}","templated":true}]}}