{"id":65221,"date":"2024-02-12T20:16:06","date_gmt":"2024-02-13T02:16:06","guid":{"rendered":"http:\/\/www.zonaroja.com.mx\/?p=65221"},"modified":"2024-02-12T20:16:08","modified_gmt":"2024-02-13T02:16:08","slug":"arranca-otra-semana-con-protestas-y-bloqueos-en-oaxaca","status":"publish","type":"post","link":"https:\/\/zonaroja.com.mx\/?p=65221","title":{"rendered":"Arranca otra semana con protestas y bloqueos en Oaxaca"},"content":{"rendered":"\n<p>Yuridiana Sosa\/Zona Roja.<\/p>\n\n\n\n<p>Oaxaca de Ju\u00e1rez, Oax., 12 de febrero de 2024.-Protestas y bloqueos por pobladores y padres de familia en la capital y en la regi\u00f3n del Istmo abrieron&nbsp; otra semana laboral en Oaxaca.<\/p>\n\n\n\n<p>Otra incompetencia del Instituto Estatal de Educaci\u00f3n P\u00fablica (IEEPO), por un probable intento de desalojo en un jard\u00edn de ni\u00f1os en la capital del estado, gener\u00f3 la protesta de padres de familia para defender el espacio educativo.<\/p>\n\n\n\n<p>Desde muy temprano de este lunes, los tutores del preescolar \u00abJosefina Ramos\u00bb del barrio Trinidad de las Huertas, \u201ctomaron\u201d las instalaciones para exigir una mesa de di\u00e1logo entre el Gobierno del Estado, el IEEPO, el DIF y la Secci\u00f3n 22 del SNTE.<\/p>\n\n\n\n<p>Los padres, profesoras y alumnos temen de un despojo o cierre del plantel ante una obra que el Gobierno del Estado realiza para el DIF, con quien comparte el inmueble, pero de la cual las autoridades no han ofrecido informaci\u00f3n.<\/p>\n\n\n\n<p>La representante de las madres y padres de familia, Mayra Roja, y la directora del preescolar, Arlette Rueda, se\u00f1alaron que a pesar que los trabajos de construcci\u00f3n comenzaron desde septiembre, ninguna autoridad le ha informado de lo que se trata.<\/p>\n\n\n\n<p>Sin embargo, se derrumb\u00f3 el \u00e1rea de la cancha deportiva y el pasado viernes, un supuesto mediador de parte del gobierno en vez de ofrecer respuestas amenaz\u00f3 al personal acad\u00e9mico y a los padres de familia con el desalojo, pues la obra continuar\u00e1 aunque no est\u00e9n de acuerdo.<\/p>\n\n\n\n<p>Para defender la instituci\u00f3n, con una antig\u00fcedad de 50 a\u00f1os, las madres y padres bloquearon el cruce de las calles de Cuauht\u00e9moc y Gonzales Ortega.<\/p>\n\n\n\n<p>Luego de no obtener respuesta de ninguna autoridad, la manifestaci\u00f3n escal\u00f3 y cerraron el paso por varias horas en avenida Perif\u00e9rico, misma que se retir\u00f3 por la noche.<\/p>\n\n\n\n<p>EN ARRAZOLA<\/p>\n\n\n\n<p>Por otra parte, padres de familia del Cecyteo n\u00famero 76 de San Antonio Arrazola, alzaron la voz para exigir la salida del director del plantel, Juan Carlos Ignacio&nbsp; Esteva, a quien acusan de generar divisionismo entre los docentes y padres.<\/p>\n\n\n\n<p>Apuntaron que por su incapacidad para atender un conflicto con el predio donde se ubican desde hace 10 a\u00f1os, est\u00e1 en riesgo de perderse la clave.<\/p>\n\n\n\n<p>La asamblea de Arrazola respald\u00f3 y decidi\u00f3 el cambio del director y la reincorporaci\u00f3n del anterior, Giordano Flores Herrera y demandan la intervenci\u00f3n del Gobierno de Oaxaca para que no sean despojados del terreno ejidal que tienen en posesi\u00f3n desde 1936.<\/p>\n\n\n\n<p>EN EL ISTMO<\/p>\n\n\n\n<p>En tanto que en la regi\u00f3n del Istmo se registr\u00f3 un bloqueo sobre la carretera federal 200, a la altura de Santa Gertrudis Miramar, con rumbo a la Costa.<\/p>\n\n\n\n<p>Los habitantes exigen la intervenci\u00f3n del gobierno federal y estatal para solucionar un conflicto de invasi\u00f3n de tierras. Pero amenazaron que el bloqueo continuar\u00e1 si no hay atenci\u00f3n y soluci\u00f3n al problema; hasta esta noche contin\u00faa el cierre vehicular.<\/p>\n\n\n\n<p>En tanto que este lunes se registr\u00f3 nuevamente el tr\u00e1nsito de cientos de migrantes centroamericanos desde Santo Domingo Tehuantepec con rumbo a la capital de Oaxaca, por la v\u00eda federal 190.<\/p>\n","protected":false},"excerpt":{"rendered":"<p>Yuridiana Sosa\/Zona Roja. Oaxaca de Ju\u00e1rez, Oax., 12 de febrero de 2024.-Protestas y bloqueos por&hellip;<\/p>\n","protected":false},"author":2,"featured_media":65222,"comment_status":"closed","ping_status":"open","sticky":false,"template":"","format":"standard","meta":{"_lmt_disableupdate":"","_lmt_disable":"","_jetpack_memberships_contains_paid_content":false,"footnotes":""},"categories":[109,47],"tags":[2496],"class_list":["post-65221","post","type-post","status-publish","format-standard","has-post-thumbnail","hentry","category-minuto-a-minuto","category-zona-gris","tag-marchas-y-bloqueos-oaxaca"],"jetpack_featured_media_url":"https:\/\/zonaroja.com.mx\/wp-content\/uploads\/2024\/02\/Bloqueos-y-protestas-Oaxaca-lunes-12.jpg","jetpack_sharing_enabled":true,"_links":{"self":[{"href":"https:\/\/zonaroja.com.mx\/index.php?rest_route=\/wp\/v2\/posts\/65221","targetHints":{"allow":["GET"]}}],"collection":[{"href":"https:\/\/zonaroja.com.mx\/index.php?rest_route=\/wp\/v2\/posts"}],"about":[{"href":"https:\/\/zonaroja.com.mx\/index.php?rest_route=\/wp\/v2\/types\/post"}],"author":[{"embeddable":true,"href":"https:\/\/zonaroja.com.mx\/index.php?rest_route=\/wp\/v2\/users\/2"}],"replies":[{"embeddable":true,"href":"https:\/\/zonaroja.com.mx\/index.php?rest_route=%2Fwp%2Fv2%2Fcomments&post=65221"}],"version-history":[{"count":1,"href":"https:\/\/zonaroja.com.mx\/index.php?rest_route=\/wp\/v2\/posts\/65221\/revisions"}],"predecessor-version":[{"id":65223,"href":"https:\/\/zonaroja.com.mx\/index.php?rest_route=\/wp\/v2\/posts\/65221\/revisions\/65223"}],"wp:featuredmedia":[{"embeddable":true,"href":"https:\/\/zonaroja.com.mx\/index.php?rest_route=\/wp\/v2\/media\/65222"}],"wp:attachment":[{"href":"https:\/\/zonaroja.com.mx\/index.php?rest_route=%2Fwp%2Fv2%2Fmedia&parent=65221"}],"wp:term":[{"taxonomy":"category","embeddable":true,"href":"https:\/\/zonaroja.com.mx\/index.php?rest_route=%2Fwp%2Fv2%2Fcategories&post=65221"},{"taxonomy":"post_tag","embeddable":true,"href":"https:\/\/zonaroja.com.mx\/index.php?rest_route=%2Fwp%2Fv2%2Ftags&post=65221"}],"curies":[{"name":"wp","href":"https:\/\/api.w.org\/{rel}","templated":true}]}}