{"id":65234,"date":"2024-02-13T06:45:23","date_gmt":"2024-02-13T12:45:23","guid":{"rendered":"http:\/\/www.zonaroja.com.mx\/?p=65234"},"modified":"2024-02-13T06:45:24","modified_gmt":"2024-02-13T12:45:24","slug":"asesinan-a-ex-edil-en-veracruz-masacran-a-familia-en-guerrero","status":"publish","type":"post","link":"https:\/\/zonaroja.com.mx\/?p=65234","title":{"rendered":"Asesinan a ex edil en Veracruz; masacran a familia en Guerrero"},"content":{"rendered":"\n<p>Redacci\u00f3n\/Zona Roja Cdmx.<\/p>\n\n\n\n<p>Ciudad de M\u00e9xico, a 13 de febrero de 2024.- Andr\u00e9s Valencia R\u00edos, exalcalde de San Juan Evangelista, Veracruz, fue asesinado este lunes en la entidad, seg\u00fan inform\u00f3 la Fiscal\u00eda del estado, quien se\u00f1al\u00f3 que ya estaba abierta una carpeta de investigaci\u00f3n al respecto.<\/p>\n\n\n\n<p>De acuerdo con las autoridades, la muerte del funcionario, que gobern\u00f3 el municipio bajo las siglas del PAN, se dio por disparos de arma de fuego, esto en el tramo carretero Sayula, San Juan Evangelista, a la altura de la desviaci\u00f3n de la localidad La Lima a la localidad Juanita.<\/p>\n\n\n\n<p>El homicidio de Valencia R\u00edos se da en medio de un panorama de violencia contra candidatos y pol\u00edticos de cara a las elecciones nacionales y estatales del pr\u00f3ximo 2 de junio, refiere la informaci\u00f3n de \u201cPol\u00edtico Mx\u201d.<\/p>\n\n\n\n<p>EN GUERRERO<\/p>\n\n\n\n<p>La noche de este lunes, un grupo armado atac\u00f3 una camioneta tipo Urvan en la colonia Javier Mina, en el norte de Chilpancingo, Guerrero, que dej\u00f3 como saldo un muerto y un herido, de acuerdo con informaci\u00f3n de L\u00f3pez-D\u00f3riga Digital.<\/p>\n\n\n\n<p>Reportes se\u00f1alan que la agresi\u00f3n se registr\u00f3 alrededor de las 19:00 horas en una parada de la ruta Tatagildo-Centro, cuando una unidad de transporte p\u00fablico.<\/p>\n\n\n\n<p>Por otra parte, cuatro integrantes de una familia que fue reportada como desaparecida, en Guerrero, fueron encontrados sin vida y con signos de violencia en una regi\u00f3n ind\u00edgena de Ayahualtempa, en la que hace unas semanas, un grupo de 20 ni\u00f1os fue armado e integrado a la Polic\u00eda Comunitaria para vigilar mientras los adultos buscaban a los desaparecidos.<\/p>\n\n\n\n<p>Los cuerpos fueron hallados en bolsas negras la ma\u00f1ana de este lunes 12 de febrero, sobre la carretera Chilapa-Tlapa, en el punto conocido como Las Antenas, donde autoridades ind\u00edgenas han se\u00f1alado al grupo delictivo Los Ardillos de la violencia criminal que ha azotado la regi\u00f3n en los \u00faltimos a\u00f1os.<\/p>\n\n\n\n<p>La familia, conformada por la pareja de esposos y sus dos hijos, fue reportada como desaparecida desde el pasado 19 de enero en la comunidad de Zacatepec, municipio de Chilapa, donde hab\u00edan acudido a pastorear su ganado, detalla informaci\u00f3n de \u201cEl Financiero\u201d.<\/p>\n\n\n\n<p>EN MORELOS<\/p>\n\n\n\n<p>La camioneta de Andr\u00e9s Salas, administrador de la p\u00e1gina en internet \u201cNoticias Cuautla\u201d, fue atacada a balazos esta noche en Cuernavaca, Morelos, dejando este hecho sin vida al chofer del comunicador y su hermano herido, inform\u00f3 el propio reportero en una transmisi\u00f3n que hizo en vivo.<\/p>\n\n\n\n<p>El comunicador no iba en su camioneta; pero en este hecho violento el hermano del comunicador recibi\u00f3 dos impactos de bala y la persona que manejaba la unidad motriz recibi\u00f3 cuatro impactos de bala. Y seg\u00fan la Comisi\u00f3n Estatal de Seguridad (CES), el chofer muri\u00f3 en el hospital horas m\u00e1s tarde.<\/p>\n\n\n\n<p>El ataque se registr\u00f3 en la colonia Gabriel Tepepa alrededor de las 19:00 horas, a una cuadra de la casa del comunicador, cuando cuatro hombres armados que se trasladaban en dos motocicletas dispararon contrala unidad vehicular. Unas cuadras antes del punto del ataque el reportero se hab\u00eda bajado de la unidad, detalla informaci\u00f3n de \u201cLa Jornada\u201d.<\/p>\n","protected":false},"excerpt":{"rendered":"<p>Redacci\u00f3n\/Zona Roja Cdmx. Ciudad de M\u00e9xico, a 13 de febrero de 2024.- Andr\u00e9s Valencia R\u00edos,&hellip;<\/p>\n","protected":false},"author":2,"featured_media":65235,"comment_status":"closed","ping_status":"open","sticky":false,"template":"","format":"standard","meta":{"_lmt_disableupdate":"","_lmt_disable":"","_jetpack_memberships_contains_paid_content":false,"footnotes":""},"categories":[109,51],"tags":[1746],"class_list":["post-65234","post","type-post","status-publish","format-standard","has-post-thumbnail","hentry","category-minuto-a-minuto","category-zona-roja","tag-violencia-en-mexico"],"jetpack_featured_media_url":"https:\/\/zonaroja.com.mx\/wp-content\/uploads\/2024\/02\/Ataque-camioneta-de-reportero-Morelos.jpeg","jetpack_sharing_enabled":true,"_links":{"self":[{"href":"https:\/\/zonaroja.com.mx\/index.php?rest_route=\/wp\/v2\/posts\/65234","targetHints":{"allow":["GET"]}}],"collection":[{"href":"https:\/\/zonaroja.com.mx\/index.php?rest_route=\/wp\/v2\/posts"}],"about":[{"href":"https:\/\/zonaroja.com.mx\/index.php?rest_route=\/wp\/v2\/types\/post"}],"author":[{"embeddable":true,"href":"https:\/\/zonaroja.com.mx\/index.php?rest_route=\/wp\/v2\/users\/2"}],"replies":[{"embeddable":true,"href":"https:\/\/zonaroja.com.mx\/index.php?rest_route=%2Fwp%2Fv2%2Fcomments&post=65234"}],"version-history":[{"count":1,"href":"https:\/\/zonaroja.com.mx\/index.php?rest_route=\/wp\/v2\/posts\/65234\/revisions"}],"predecessor-version":[{"id":65236,"href":"https:\/\/zonaroja.com.mx\/index.php?rest_route=\/wp\/v2\/posts\/65234\/revisions\/65236"}],"wp:featuredmedia":[{"embeddable":true,"href":"https:\/\/zonaroja.com.mx\/index.php?rest_route=\/wp\/v2\/media\/65235"}],"wp:attachment":[{"href":"https:\/\/zonaroja.com.mx\/index.php?rest_route=%2Fwp%2Fv2%2Fmedia&parent=65234"}],"wp:term":[{"taxonomy":"category","embeddable":true,"href":"https:\/\/zonaroja.com.mx\/index.php?rest_route=%2Fwp%2Fv2%2Fcategories&post=65234"},{"taxonomy":"post_tag","embeddable":true,"href":"https:\/\/zonaroja.com.mx\/index.php?rest_route=%2Fwp%2Fv2%2Ftags&post=65234"}],"curies":[{"name":"wp","href":"https:\/\/api.w.org\/{rel}","templated":true}]}}