{"id":65239,"date":"2024-02-13T09:30:00","date_gmt":"2024-02-13T15:30:00","guid":{"rendered":"http:\/\/www.zonaroja.com.mx\/?p=65239"},"modified":"2024-02-13T07:18:16","modified_gmt":"2024-02-13T13:18:16","slug":"crisis-de-salud-alcanza-a-hospital-de-especialidades-y-laboran-bajo-protesta","status":"publish","type":"post","link":"https:\/\/zonaroja.com.mx\/?p=65239","title":{"rendered":"Crisis de salud alcanza a Hospital de Especialidades y laboran bajo protesta"},"content":{"rendered":"\n<p>Ismael Garc\u00eda M.\/Zona Roja.<\/p>\n\n\n\n<p>Oaxaca de Ju\u00e1rez, Oax., a 13 de febrero de 2024.- Trabajadores sindicalizados del Hospital Regional de Alta Especialidad de Oaxaca denunciaron la carencia de equipos de trabajo, medicamentos e insumos, por lo cual laborar\u00e1n bajo protesta.<\/p>\n\n\n\n<p>Los afiliados a la Secci\u00f3n 96 del Sindicato Nacional de Trabajadores de Salud expusieron a trav\u00e9s de un comunicado que a la fecha no han recibido los uniformes institucionales y equipo de protecci\u00f3n personal de los a\u00f1os 2022 y 2023.<\/p>\n\n\n\n<p>\u201cRefrendamos nuestro compromiso con la sociedad oaxaque\u00f1a que busca la recuperaci\u00f3n de su salud en esta honorable instituci\u00f3n; sin embargo, ante esta notable deficiencia por parte de las autoridades de los Servicios de Salud del IMSS Bienestar, poco podemos hacer y los hacemos responsables directamente de todo lo que esto conlleva\u201d.<\/p>\n\n\n\n<p>Reprocharon que la gratuidad de los servicios m\u00e9dicos es una falacia, pues se suspendieron los servicios de hemodi\u00e1lisis y ahora los pacientes tienen que cubrir los servicios particulares.<\/p>\n\n\n\n<p>\u201cDe igual manera, para poder atenderlos, ellos deben adquirir de manera externa medicamentos e insumos para poderles brindar la atenci\u00f3n que requieren\u201d.<\/p>\n\n\n\n<p>Demandaron a las autoridades federales y estatales del sector salud a otorgar las respuestas inmediatas, de lo contrario, \u201cemprenderemos una jornada de lucha para ser escuchados y atendidos\u201d.<\/p>\n\n\n\n<p>El Hospital Regional de Alta Especialidad se ubica en jurisdicci\u00f3n del municipio de San Bartolo Coyotepec, a unos 15 kil\u00f3metros al sur de la capital de Oaxaca y tras estar sectorizado a la Secretar\u00eda de Salud federal, ahora fue trasladado al IMSS Bienestar.<\/p>\n","protected":false},"excerpt":{"rendered":"<p>Ismael Garc\u00eda M.\/Zona Roja. Oaxaca de Ju\u00e1rez, Oax., a 13 de febrero de 2024.- Trabajadores&hellip;<\/p>\n","protected":false},"author":2,"featured_media":65240,"comment_status":"closed","ping_status":"open","sticky":false,"template":"","format":"standard","meta":{"_lmt_disableupdate":"","_lmt_disable":"","_jetpack_memberships_contains_paid_content":false,"footnotes":""},"categories":[109,47],"tags":[1572],"class_list":["post-65239","post","type-post","status-publish","format-standard","has-post-thumbnail","hentry","category-minuto-a-minuto","category-zona-gris","tag-hospital-regional-de-alta-especialidad-oaxaca"],"jetpack_featured_media_url":"https:\/\/zonaroja.com.mx\/wp-content\/uploads\/2024\/02\/Protesta-Hospital-Regional-Especialidad.jpg","jetpack_sharing_enabled":true,"_links":{"self":[{"href":"https:\/\/zonaroja.com.mx\/index.php?rest_route=\/wp\/v2\/posts\/65239","targetHints":{"allow":["GET"]}}],"collection":[{"href":"https:\/\/zonaroja.com.mx\/index.php?rest_route=\/wp\/v2\/posts"}],"about":[{"href":"https:\/\/zonaroja.com.mx\/index.php?rest_route=\/wp\/v2\/types\/post"}],"author":[{"embeddable":true,"href":"https:\/\/zonaroja.com.mx\/index.php?rest_route=\/wp\/v2\/users\/2"}],"replies":[{"embeddable":true,"href":"https:\/\/zonaroja.com.mx\/index.php?rest_route=%2Fwp%2Fv2%2Fcomments&post=65239"}],"version-history":[{"count":1,"href":"https:\/\/zonaroja.com.mx\/index.php?rest_route=\/wp\/v2\/posts\/65239\/revisions"}],"predecessor-version":[{"id":65241,"href":"https:\/\/zonaroja.com.mx\/index.php?rest_route=\/wp\/v2\/posts\/65239\/revisions\/65241"}],"wp:featuredmedia":[{"embeddable":true,"href":"https:\/\/zonaroja.com.mx\/index.php?rest_route=\/wp\/v2\/media\/65240"}],"wp:attachment":[{"href":"https:\/\/zonaroja.com.mx\/index.php?rest_route=%2Fwp%2Fv2%2Fmedia&parent=65239"}],"wp:term":[{"taxonomy":"category","embeddable":true,"href":"https:\/\/zonaroja.com.mx\/index.php?rest_route=%2Fwp%2Fv2%2Fcategories&post=65239"},{"taxonomy":"post_tag","embeddable":true,"href":"https:\/\/zonaroja.com.mx\/index.php?rest_route=%2Fwp%2Fv2%2Ftags&post=65239"}],"curies":[{"name":"wp","href":"https:\/\/api.w.org\/{rel}","templated":true}]}}