{"id":65252,"date":"2024-02-13T18:40:55","date_gmt":"2024-02-14T00:40:55","guid":{"rendered":"http:\/\/www.zonaroja.com.mx\/?p=65252"},"modified":"2024-02-13T18:40:57","modified_gmt":"2024-02-14T00:40:57","slug":"vive-oaxaca-otra-jornada-de-protestas-ahora-hasta-de-migrantes","status":"publish","type":"post","link":"https:\/\/zonaroja.com.mx\/?p=65252","title":{"rendered":"Vive Oaxaca otra jornada de protestas; ahora hasta de migrantes"},"content":{"rendered":"\n<p>Yuridiana Sosa\/Zona Roja.<\/p>\n\n\n\n<p>Oaxaca de Ju\u00e1rez, Oax., 13 de febrero de 2024.- En segundo d\u00eda de la semana, padres de familia de un jard\u00edn de ni\u00f1os en la capital intensificaron sus protestas ante enga\u00f1os del gobierno del estado; sindicalizados de la UABJO \u201ctomaron\u201d Ciudad Administrativa y migrantes centroamericanos bloquearon en el Istmo, regi\u00f3n en la que tambi\u00e9n hubo otro bloqueo carretero.<\/p>\n\n\n\n<p>De nueva cuenta y de forma consecutiva, los tutores del preescolar \u201cJosefina Ramos\u201d intensificaron su protesta en defensa del inmueble de la instituci\u00f3n educativa y para exigir informaci\u00f3n del Gobierno del Estado sobre una obra que se realiza en ese lugar.<\/p>\n\n\n\n<p>Luego de no ser atendidos por autoridades de alto nivel en una mesa de di\u00e1logo programada para este martes a las 09:00 horas, los padres de familia decidieron ampliar su jornada de movilizaciones y con ello instalar un bloqueo en avenida Perif\u00e9rico y el crucero vial de Cinco Se\u00f1ores, as\u00ed como el acceso de la calle de Ray\u00f3n, misma que despu\u00e9s del mediod\u00eda ampliaron a otras vialidades.<\/p>\n\n\n\n<p>Los paterfamilias se\u00f1alaron que ninguna autoridad, de la Secretar\u00eda de Gobierno o del IEEPO han ofrecido informaci\u00f3n sobre la obra que se realiza en el plantel, el cual tiene una antig\u00fcedad de 50 a\u00f1os.<\/p>\n\n\n\n<p>Sin embargo, representantes del gobierno indicaron que los 34 alumnos y personal docente ser\u00edan reubicados a otras instalaciones, sin tener detalles de esta situaci\u00f3n.<\/p>\n\n\n\n<p>Los padres de familia, en su mayor\u00eda del barrio de Trinidad de las Huertas, donde se ubica el preescolar, y zonas cercanas, rechazan el desalojo y exigen que la escuela no sea trasladada a otro espacio; adem\u00e1s, que el terreno fue donado por los ejidatarios de ese barrio de la capital para la escuela.<\/p>\n\n\n\n<p>Ante la incertidumbre de los hechos, la Secci\u00f3n 22 del Sindicato Nacional de Trabajadores de la Educaci\u00f3n (SNTE) se sum\u00f3 a la protesta para exigir informaci\u00f3n.<\/p>\n\n\n\n<p>VISLUMBRAN HUELGA<\/p>\n\n\n\n<p>En tanto, el Sindicato de Trabajadores y Empleados de la Universidad (STEUABJO) cerr\u00f3 los accesos de Ciudad Administrativa como parte de su jornada de protesta para exigir respuestas positivas a su pliego petitorio.<\/p>\n\n\n\n<p>Los sindicalizados arribaron al inmueble para cubrir la mesa de negociaci\u00f3n con la Secretar\u00eda de Gobierno y con el rector de la Universidad Aut\u00f3noma \u201cBenito Ju\u00e1rez\u201d de Oaxaca (UABJO), Cristian \u00c9der Carre\u00f1o, quien sigue sin cumplir con las exigencias.<\/p>\n\n\n\n<p>Por ello, la dirigencia indic\u00f3 que existen altas probabilidades de estallar la huelga, para la cual el plazo para el cumplimiento de peticiones vence en dos d\u00edas.<\/p>\n\n\n\n<p>As\u00ed tambi\u00e9n rechazaron los se\u00f1alamientos del secretario de Gobierno, Jes\u00fas Romero L\u00f3pez, quien difundi\u00f3 que el sindicato hace peticiones fuera del orden sindical y amenaza con investigaciones.<\/p>\n\n\n\n<p>El STEUABJO indic\u00f3 que entre sus exigencias se encuentra el programa de calidad y eficiencia 2024; otorgar el dos por ciento del apoyo del gobierno del estado para todos los sindicalizados; apoyo del 50 por ciento para el transporte; recursos para la remodelaci\u00f3n del edificio sindical; remodelaci\u00f3n de la guarder\u00eda \u201cMargarita Maza\u201d, dentro de la UABJO; y un mill\u00f3n de pesos para predios en \u201cEl Rosario\u201d, en San Sebasti\u00e1n Tutla.<\/p>\n\n\n\n<p>MIGRANTES<\/p>\n\n\n\n<p>Como parte de su paso por la entidad, con destino a los Estados Unidos, migrantes centroamericanos bloquearon en la regi\u00f3n del Istmo para exigir al gobierno del estado apoyo con autobuses para su traslado hacia la capital del estado.<\/p>\n\n\n\n<p>Pese a que las autoridades han advertido que la ruta elegida no es la adecuada para su paso, por la ausencia de comunidades a pie de carretera, los migrantes contin\u00faan tomando esta ruta.<\/p>\n\n\n\n<p>El bloqueo se ubic\u00f3 por unas horas en la carretera federal Oaxaca-Istmo, a la altura de Jalapa del Marqu\u00e9s. M\u00e1s tarde, un grupo de indocumentados agredi\u00f3 con piedras y palos a los elementos del Instituto Nacional de Migraci\u00f3n, por lo cual fueron detenidos algunos de ellos.<\/p>\n\n\n\n<p>Por otra parte, por segundo d\u00eda continu\u00f3 el bloqueo a la carretera federal 200, por parte de pobladores de Santa Gertrudis Miramar, que exigen la soluci\u00f3n de un conflicto agrario.<\/p>\n\n\n\n<p>Mientras que en la capital, un grupo de habitantes de la colonia Lomas de San Jacinto, de la ciudad de Oaxaca, bloque\u00f3 temporalmente la calle de Crespo, en el Centro Hist\u00f3rico, para exigir la dotaci\u00f3n de agua.<\/p>\n\n\n\n<p>Tras un di\u00e1logo con personal del Sistema Operador de Agua Potable y Alcantarillado (SOAPA), finalmente se retiraron, luego del compromiso de dotarles del vital l\u00edquido.<\/p>\n","protected":false},"excerpt":{"rendered":"<p>Yuridiana Sosa\/Zona Roja. Oaxaca de Ju\u00e1rez, Oax., 13 de febrero de 2024.- En segundo d\u00eda&hellip;<\/p>\n","protected":false},"author":2,"featured_media":65253,"comment_status":"closed","ping_status":"open","sticky":false,"template":"","format":"standard","meta":{"_lmt_disableupdate":"","_lmt_disable":"","_jetpack_memberships_contains_paid_content":false,"footnotes":""},"categories":[109,47],"tags":[2264],"class_list":["post-65252","post","type-post","status-publish","format-standard","has-post-thumbnail","hentry","category-minuto-a-minuto","category-zona-gris","tag-bloqueos-y-protestas-oaxaca"],"jetpack_featured_media_url":"https:\/\/zonaroja.com.mx\/wp-content\/uploads\/2024\/02\/Bloqueo-jardin-de-ninos-Oaxaca.jpg","jetpack_sharing_enabled":true,"_links":{"self":[{"href":"https:\/\/zonaroja.com.mx\/index.php?rest_route=\/wp\/v2\/posts\/65252","targetHints":{"allow":["GET"]}}],"collection":[{"href":"https:\/\/zonaroja.com.mx\/index.php?rest_route=\/wp\/v2\/posts"}],"about":[{"href":"https:\/\/zonaroja.com.mx\/index.php?rest_route=\/wp\/v2\/types\/post"}],"author":[{"embeddable":true,"href":"https:\/\/zonaroja.com.mx\/index.php?rest_route=\/wp\/v2\/users\/2"}],"replies":[{"embeddable":true,"href":"https:\/\/zonaroja.com.mx\/index.php?rest_route=%2Fwp%2Fv2%2Fcomments&post=65252"}],"version-history":[{"count":1,"href":"https:\/\/zonaroja.com.mx\/index.php?rest_route=\/wp\/v2\/posts\/65252\/revisions"}],"predecessor-version":[{"id":65254,"href":"https:\/\/zonaroja.com.mx\/index.php?rest_route=\/wp\/v2\/posts\/65252\/revisions\/65254"}],"wp:featuredmedia":[{"embeddable":true,"href":"https:\/\/zonaroja.com.mx\/index.php?rest_route=\/wp\/v2\/media\/65253"}],"wp:attachment":[{"href":"https:\/\/zonaroja.com.mx\/index.php?rest_route=%2Fwp%2Fv2%2Fmedia&parent=65252"}],"wp:term":[{"taxonomy":"category","embeddable":true,"href":"https:\/\/zonaroja.com.mx\/index.php?rest_route=%2Fwp%2Fv2%2Fcategories&post=65252"},{"taxonomy":"post_tag","embeddable":true,"href":"https:\/\/zonaroja.com.mx\/index.php?rest_route=%2Fwp%2Fv2%2Ftags&post=65252"}],"curies":[{"name":"wp","href":"https:\/\/api.w.org\/{rel}","templated":true}]}}