{"id":65263,"date":"2024-02-13T22:14:30","date_gmt":"2024-02-14T04:14:30","guid":{"rendered":"http:\/\/www.zonaroja.com.mx\/?p=65263"},"modified":"2024-02-13T22:14:31","modified_gmt":"2024-02-14T04:14:31","slug":"muere-joven-apunalado-el-centro-de-la-ciudad-de-oaxaca","status":"publish","type":"post","link":"https:\/\/zonaroja.com.mx\/?p=65263","title":{"rendered":"Muere joven apu\u00f1alado el centro de la ciudad de Oaxaca"},"content":{"rendered":"\n<p>Raymundo Morales\/Zona Roja.<\/p>\n\n\n\n<p>Oaxaca de Ju\u00e1rez, Oax., a 13 de febrero de 2024.- Un joven que fue apu\u00f1alado a una cuadra del z\u00f3calo de la ciudad de Oaxaca, muri\u00f3 el el Hospital General \u201cDr. Aurelio Valdivieso\u201d.<\/p>\n\n\n\n<p>Fue el pasado jueves 8 de febrero, poco despu\u00e9s de las 05:00 horas, en que el individuo fue agredido en la calle de 20 de Noviembre esquina con avenida Hidalgo, a unos pasos de un m\u00f3dulo de la polic\u00eda municipal.<\/p>\n\n\n\n<p>Un sujeto lo atac\u00f3 con arma blanca tras lo cual huy\u00f3, sin que los uniformados se percataran de ello. Personal de la Cruz Roja Mexicana delegaci\u00f3n Oaxaca arrib\u00f3 y le brind\u00f3 los primeros auxilios.<\/p>\n\n\n\n<p>Tras ello, lo traslad\u00f3 al Hospital General, dependiente de los Servicios de Salud de Oaxaca (SSO), donde, debido a la gravedad de las lesiones, muri\u00f3 el pasado domingo.<\/p>\n\n\n\n<p>Hasta el momento, pese a las c\u00e1maras de seguridad, el agresor no ha sido identificado ni localizado.&nbsp;<\/p>\n\n\n\n<p>Los elementos de la polic\u00eda municipal, al mando del militar Ra\u00fal \u00c1vila Ibarra, arribaron tarde a la escena de la agresi\u00f3n, por lo cual no pudieron dar con el probable homicida.<\/p>\n","protected":false},"excerpt":{"rendered":"<p>Raymundo Morales\/Zona Roja. Oaxaca de Ju\u00e1rez, Oax., a 13 de febrero de 2024.- Un joven&hellip;<\/p>\n","protected":false},"author":2,"featured_media":65260,"comment_status":"closed","ping_status":"open","sticky":false,"template":"","format":"standard","meta":{"_lmt_disableupdate":"","_lmt_disable":"","_jetpack_memberships_contains_paid_content":false,"footnotes":""},"categories":[109,51],"tags":[148],"class_list":["post-65263","post","type-post","status-publish","format-standard","has-post-thumbnail","hentry","category-minuto-a-minuto","category-zona-roja","tag-oaxaca-de-juarez"],"jetpack_featured_media_url":"https:\/\/zonaroja.com.mx\/wp-content\/uploads\/2024\/02\/Asesinado-ciudad-de-Oaxaca.jpg","jetpack_sharing_enabled":true,"_links":{"self":[{"href":"https:\/\/zonaroja.com.mx\/index.php?rest_route=\/wp\/v2\/posts\/65263","targetHints":{"allow":["GET"]}}],"collection":[{"href":"https:\/\/zonaroja.com.mx\/index.php?rest_route=\/wp\/v2\/posts"}],"about":[{"href":"https:\/\/zonaroja.com.mx\/index.php?rest_route=\/wp\/v2\/types\/post"}],"author":[{"embeddable":true,"href":"https:\/\/zonaroja.com.mx\/index.php?rest_route=\/wp\/v2\/users\/2"}],"replies":[{"embeddable":true,"href":"https:\/\/zonaroja.com.mx\/index.php?rest_route=%2Fwp%2Fv2%2Fcomments&post=65263"}],"version-history":[{"count":1,"href":"https:\/\/zonaroja.com.mx\/index.php?rest_route=\/wp\/v2\/posts\/65263\/revisions"}],"predecessor-version":[{"id":65264,"href":"https:\/\/zonaroja.com.mx\/index.php?rest_route=\/wp\/v2\/posts\/65263\/revisions\/65264"}],"wp:featuredmedia":[{"embeddable":true,"href":"https:\/\/zonaroja.com.mx\/index.php?rest_route=\/wp\/v2\/media\/65260"}],"wp:attachment":[{"href":"https:\/\/zonaroja.com.mx\/index.php?rest_route=%2Fwp%2Fv2%2Fmedia&parent=65263"}],"wp:term":[{"taxonomy":"category","embeddable":true,"href":"https:\/\/zonaroja.com.mx\/index.php?rest_route=%2Fwp%2Fv2%2Fcategories&post=65263"},{"taxonomy":"post_tag","embeddable":true,"href":"https:\/\/zonaroja.com.mx\/index.php?rest_route=%2Fwp%2Fv2%2Ftags&post=65263"}],"curies":[{"name":"wp","href":"https:\/\/api.w.org\/{rel}","templated":true}]}}