{"id":65269,"date":"2024-02-14T08:30:00","date_gmt":"2024-02-14T14:30:00","guid":{"rendered":"http:\/\/www.zonaroja.com.mx\/?p=65269"},"modified":"2024-02-14T07:02:50","modified_gmt":"2024-02-14T13:02:50","slug":"violencia-y-crimen-calla-a-periodistas-en-el-estado-de-morelos","status":"publish","type":"post","link":"https:\/\/zonaroja.com.mx\/?p=65269","title":{"rendered":"Violencia y crimen calla a periodistas en el estado de Morelos"},"content":{"rendered":"\n<p>Redacci\u00f3n\/Zona Roja Cdmx.<\/p>\n\n\n\n<p>Ciudad de M\u00e9xico, a 14 de febrero de 2024.- El ataque en contra del periodista y director del portal \u201cNoticias de Cuautla\u201d, Andr\u00e9s Salas, ha mermado en el \u00e1nimo del gremio en el estado de Morelos.&nbsp;<\/p>\n\n\n\n<p>Y es que aunque el comunicador baj\u00f3 de su camioneta momentos antes de que fuera atacada, su hermano result\u00f3 herido y uno de sus colaboradores falleci\u00f3 mientras era atendido en el hospital.<\/p>\n\n\n\n<p>Por estos hechos, el gremio \u2015entre reporteros y camar\u00f3grafos\u2015se reuni\u00f3 este martes para emitir un pronunciamiento sobre el atentado en contra de Andr\u00e9s Salas.<\/p>\n\n\n\n<p>Guadalupe Flores, una de las voceras del grupo de periodistas, dio lectura al documento en el que el gremio conden\u00f3 con firmeza el atentado y lamentaron el fallecimiento de No\u00e9, la v\u00edctima mortal del ataque.<\/p>\n\n\n\n<p>Al destacar que este atentado en contra de su compa\u00f1ero a su vez es una agresi\u00f3n directa en contra de la libertad de expresi\u00f3n, los periodistas se\u00f1alaron que se est\u00e1 vulnerando la garant\u00eda para el libre ejercicio period\u00edstico.<\/p>\n\n\n\n<p>En este escenario, hicieron un llamado para que el caso sea atendido con prontitud y de forma exhaustiva para impedir que quede en la impunidad y que se convierta en una cifra m\u00e1s de la violencia ejercida contra periodistas en este pa\u00eds.<\/p>\n\n\n\n<p>ZONA DE SILENCIO<\/p>\n\n\n\n<p>Al hacer el pronunciamiento, Guadalupe Flores destac\u00f3 que el atentado en contra de Salas \u2015as\u00ed como otros hechos que marcan antecedentes\u2015 han impactado en el estado de \u00e1nimo del gremio, especialmente en aquellos que cubren nota roja, ante la falta de condiciones para ejercer de manera segura su labor.<\/p>\n\n\n\n<p>Por ello, el gremio ha decidido declarar oficialmente y de forma temporal \u201czona de silencio\u201d a la regi\u00f3n de Cuautla y municipios de la regi\u00f3n oriente de Morelos (Atlatlahucan, Ayala, Jantetelco, Jonacatepec, Temoac, Tepalcingo, Tepoztl\u00e1n, Totolapan, Yecapixtla y Zacualpan de Amilpas).<\/p>\n\n\n\n<p>\u201cEspecial atenci\u00f3n merece el resultado de este ataque porque los compa\u00f1eros periodistas que cubren la nota policiaca en ciudad de Cuautla y los municipios de la regi\u00f3n oriente del estado decidieron suspender temporalmente la cobertura de los hechos de violencia registrados en la regi\u00f3n de Morelos al considerar que no cumplen con las condiciones de seguridad para el ejercicio period\u00edstico, esto convierte a Cuautla y en la regi\u00f3n oriente en una zona de silencio\u201d, se\u00f1al\u00f3.<\/p>\n\n\n\n<p>Con esta determinaci\u00f3n exigieron a las tres \u00f3rdenes de gobierno garant\u00edas de seguridad para Andr\u00e9s Salas y su hermano Fernando, as\u00ed como una investigaci\u00f3n por parte de la Fiscal\u00eda General del Estado (FGE) y que la Fiscal\u00eda General de la Rep\u00fablica (FGR) d\u00e9 con los responsables, los autores materiales de este atentado y de los autores intelectuales. \u201cNo se mata la verdad matando periodistas\u201d, sentenciaron.<\/p>\n\n\n\n<p>EL ATAQUE<\/p>\n\n\n\n<p>En un gravoso acto contra la libertad de prensa en Cuautla, Morelos, el periodista Andr\u00e9s Salas sufri\u00f3 un intento de homicidio el pasado 12 de febrero. Durante el ataque, que tuvo lugar en la colonia Gabriel Tepepa, su hermano y chofer resultaron heridos de bala, lamentablemente, \u00e9ste \u00faltimo perdi\u00f3 la vida. Andr\u00e9s Salas, quien ha dedicado su carrera a cubrir la pol\u00edtica y la seguridad, logr\u00f3 escapar ileso del incidente.<\/p>\n\n\n\n<p>El suceso ocurri\u00f3 despu\u00e9s de que Salas asistiera a una misa organizada por Ra\u00fal Tadeo Nava, ex alcalde y candidato a la presidencia municipal de Cuautla, con el prop\u00f3sito de fomentar un mensaje de paz entre las campa\u00f1as pol\u00edticas.<\/p>\n\n\n\n<p>Los agresores abrieron fuego contra el veh\u00edculo de Salas creyendo que \u00e9l se encontraba dentro, resultando heridos su hermano y chofer. Este acto no solo destaca el peligro al que se enfrentan los periodistas en su labor, sino tambi\u00e9n la creciente inseguridad en la regi\u00f3n.<\/p>\n\n\n\n<p>En respuesta al atentado, Andr\u00e9s Salas pidi\u00f3 a trav\u00e9s de un video medidas eficaces de protecci\u00f3n tanto para los medios de comunicaci\u00f3n como para los ciudadanos de Cuautla. Afirm\u00f3 estar resguardado por elementos de seguridad estatales, esperando la llegada de refuerzos federales.<\/p>\n\n\n\n<p>Cabe apuntar que M\u00e9xico se mantiene como el pa\u00eds m\u00e1s peligroso para ejercer el periodismo pese a que oficialmente no est\u00e1 en guerra. De acuerdo con informaci\u00f3n de la organizaci\u00f3n Art\u00edculo 19, del a\u00f1o 2000 a la fecha cerca de 163 periodistas han sido asesinados mientras que 28 permanecen como desaparecidos. De estos, 43 se han registrado durante el gobierno actual de Andr\u00e9s Manuel L\u00f3pez Obrador y 47 en el mandato anterior de Enrique Pe\u00f1a Nieto.<\/p>\n\n\n\n<p>(Informaci\u00f3n de Infobae M\u00e9xico)<\/p>\n","protected":false},"excerpt":{"rendered":"<p>Redacci\u00f3n\/Zona Roja Cdmx. Ciudad de M\u00e9xico, a 14 de febrero de 2024.- El ataque en&hellip;<\/p>\n","protected":false},"author":2,"featured_media":65270,"comment_status":"closed","ping_status":"open","sticky":false,"template":"","format":"standard","meta":{"_lmt_disableupdate":"","_lmt_disable":"","_jetpack_memberships_contains_paid_content":false,"footnotes":""},"categories":[109,47],"tags":[1016],"class_list":["post-65269","post","type-post","status-publish","format-standard","has-post-thumbnail","hentry","category-minuto-a-minuto","category-zona-gris","tag-asesinato-de-periodistas-en-mexico"],"jetpack_featured_media_url":"https:\/\/zonaroja.com.mx\/wp-content\/uploads\/2024\/02\/Prensa-agresiones-a-periodistas-protesta.jpeg","jetpack_sharing_enabled":true,"_links":{"self":[{"href":"https:\/\/zonaroja.com.mx\/index.php?rest_route=\/wp\/v2\/posts\/65269","targetHints":{"allow":["GET"]}}],"collection":[{"href":"https:\/\/zonaroja.com.mx\/index.php?rest_route=\/wp\/v2\/posts"}],"about":[{"href":"https:\/\/zonaroja.com.mx\/index.php?rest_route=\/wp\/v2\/types\/post"}],"author":[{"embeddable":true,"href":"https:\/\/zonaroja.com.mx\/index.php?rest_route=\/wp\/v2\/users\/2"}],"replies":[{"embeddable":true,"href":"https:\/\/zonaroja.com.mx\/index.php?rest_route=%2Fwp%2Fv2%2Fcomments&post=65269"}],"version-history":[{"count":1,"href":"https:\/\/zonaroja.com.mx\/index.php?rest_route=\/wp\/v2\/posts\/65269\/revisions"}],"predecessor-version":[{"id":65271,"href":"https:\/\/zonaroja.com.mx\/index.php?rest_route=\/wp\/v2\/posts\/65269\/revisions\/65271"}],"wp:featuredmedia":[{"embeddable":true,"href":"https:\/\/zonaroja.com.mx\/index.php?rest_route=\/wp\/v2\/media\/65270"}],"wp:attachment":[{"href":"https:\/\/zonaroja.com.mx\/index.php?rest_route=%2Fwp%2Fv2%2Fmedia&parent=65269"}],"wp:term":[{"taxonomy":"category","embeddable":true,"href":"https:\/\/zonaroja.com.mx\/index.php?rest_route=%2Fwp%2Fv2%2Fcategories&post=65269"},{"taxonomy":"post_tag","embeddable":true,"href":"https:\/\/zonaroja.com.mx\/index.php?rest_route=%2Fwp%2Fv2%2Ftags&post=65269"}],"curies":[{"name":"wp","href":"https:\/\/api.w.org\/{rel}","templated":true}]}}