{"id":6527,"date":"2019-12-10T08:47:28","date_gmt":"2019-12-10T14:47:28","guid":{"rendered":"http:\/\/www.zonaroja.com.mx\/?p=6527"},"modified":"2019-12-10T08:52:41","modified_gmt":"2019-12-10T14:52:41","slug":"critican-accionar-de-mecanismo-de-proteccion-en-caso-de-reportero-emir-olivares","status":"publish","type":"post","link":"https:\/\/zonaroja.com.mx\/?p=6527","title":{"rendered":"Critican accionar de mecanismo de protecci\u00f3n en caso de reportero Emir Olivares"},"content":{"rendered":"\n<p>Redacci\u00f3n\/Zona\nRoja Cdmx.<\/p>\n\n\n\n<p>Ciudad\nde M\u00e9xico, 10 de diciembre de 2019.- La Asociaci\u00f3n Mexicana de Periodistas\nDesplazados y Agredidos destac\u00f3 que el caso del reportero de \u201cLa Jornada\u201d, Emir\nOlivares, exhibi\u00f3 la vulnerabilidad de las medidas de seguridad que ofrece el\nMecanismo de Protecci\u00f3n a Personas Defensoras de Derechos Humanos y Periodistas\n\u201ccuya respuesta protocolaria\u201d ante el allanamiento a su domicilio, el pasado 6\nde diciembre, \u201cla interpretamos como una infamia que puso su vida en riesgo de\nmuerte\u201d.<\/p>\n\n\n\n<p>Resalt\u00f3\nque esta herramienta, \u201cprincipalmente la manera poco eficiente con que se ha\nvenido manejando la Segunda Unidad, han dejado una herencia de ocho personas\nasesinadas que estaban bajo protecci\u00f3n hasta este a\u00f1o, por lo que consideramos,\nser\u00eda digna la renuncia de los encargados de su operaci\u00f3n\u201d.<\/p>\n\n\n\n<p>Asimismo,\nde acuerdo con la nota informativa de \u201cLa Jornada\u201d, la asociaci\u00f3n conden\u00f3\nen\u00e9rgicamente la disposici\u00f3n que ofrecen las autoridades, principalmente, el\nMecanismo ante las distintas situaciones que sufren las v\u00edctimas bajo\nprotecci\u00f3n federal.<\/p>\n\n\n\n<p>\u201c\u00bfDe\nqu\u00e9 sirve la instalaci\u00f3n de medidas como botones de emergencia si van a\nresponder horas despu\u00e9s?\u201d, cuestion\u00f3.<\/p>\n\n\n\n<p>La\nAsociaci\u00f3n lament\u00f3 \u201cprofundamente\u201d la \u201cinsensibilidad de las autoridades\ndelegacionales en la Ciudad de M\u00e9xico, la Secretaria de Seguridad P\u00fablica de la\ncapital del pa\u00eds, el Mecanismo Integral de Protecci\u00f3n y la Procuradur\u00eda General\nde Justicia, para responder ante las situaci\u00f3n de emergencia; nadie acudi\u00f3 de\nmanera reactiva ante la alerta generada\u201d.<\/p>\n\n\n\n<p>Destac\u00f3\nque Emir Olivares \u201ces uno de los periodistas que tuvo los arrestos para\ndenunciar narcomenudeo en la Universidad Nacional Aut\u00f3noma de M\u00e9xico, lo que le\ncost\u00f3 al igual que a Humberto Padget, una serie de agresiones f\u00edsicas y\namenazas de muerte\u201d.<\/p>\n\n\n\n<p>Y\nexigi\u00f3 a los tres niveles de Gobierno, \u201ctotal protecci\u00f3n al periodista y una\nreevaluaci\u00f3n de parte del Mecanismo para integrarle nuevas medidas de seguridad\nporque su vida est\u00e1 en riesgo. No m\u00e1s periodistas muertos\u201d.<\/p>\n","protected":false},"excerpt":{"rendered":"<p>Redacci\u00f3n\/Zona Roja Cdmx. Ciudad de M\u00e9xico, 10 de diciembre de 2019.- La Asociaci\u00f3n Mexicana de&hellip;<\/p>\n","protected":false},"author":2,"featured_media":6444,"comment_status":"closed","ping_status":"open","sticky":false,"template":"","format":"standard","meta":{"_lmt_disableupdate":"","_lmt_disable":"","_jetpack_memberships_contains_paid_content":false,"footnotes":""},"categories":[109,47],"tags":[1109],"class_list":["post-6527","post","type-post","status-publish","format-standard","has-post-thumbnail","hentry","category-minuto-a-minuto","category-zona-gris","tag-emir-olivares"],"jetpack_featured_media_url":"https:\/\/zonaroja.com.mx\/wp-content\/uploads\/2019\/12\/img_6479.jpg","jetpack_sharing_enabled":true,"_links":{"self":[{"href":"https:\/\/zonaroja.com.mx\/index.php?rest_route=\/wp\/v2\/posts\/6527","targetHints":{"allow":["GET"]}}],"collection":[{"href":"https:\/\/zonaroja.com.mx\/index.php?rest_route=\/wp\/v2\/posts"}],"about":[{"href":"https:\/\/zonaroja.com.mx\/index.php?rest_route=\/wp\/v2\/types\/post"}],"author":[{"embeddable":true,"href":"https:\/\/zonaroja.com.mx\/index.php?rest_route=\/wp\/v2\/users\/2"}],"replies":[{"embeddable":true,"href":"https:\/\/zonaroja.com.mx\/index.php?rest_route=%2Fwp%2Fv2%2Fcomments&post=6527"}],"version-history":[{"count":1,"href":"https:\/\/zonaroja.com.mx\/index.php?rest_route=\/wp\/v2\/posts\/6527\/revisions"}],"predecessor-version":[{"id":6528,"href":"https:\/\/zonaroja.com.mx\/index.php?rest_route=\/wp\/v2\/posts\/6527\/revisions\/6528"}],"wp:featuredmedia":[{"embeddable":true,"href":"https:\/\/zonaroja.com.mx\/index.php?rest_route=\/wp\/v2\/media\/6444"}],"wp:attachment":[{"href":"https:\/\/zonaroja.com.mx\/index.php?rest_route=%2Fwp%2Fv2%2Fmedia&parent=6527"}],"wp:term":[{"taxonomy":"category","embeddable":true,"href":"https:\/\/zonaroja.com.mx\/index.php?rest_route=%2Fwp%2Fv2%2Fcategories&post=6527"},{"taxonomy":"post_tag","embeddable":true,"href":"https:\/\/zonaroja.com.mx\/index.php?rest_route=%2Fwp%2Fv2%2Ftags&post=6527"}],"curies":[{"name":"wp","href":"https:\/\/api.w.org\/{rel}","templated":true}]}}