{"id":65274,"date":"2024-02-14T07:23:53","date_gmt":"2024-02-14T13:23:53","guid":{"rendered":"http:\/\/www.zonaroja.com.mx\/?p=65274"},"modified":"2024-02-14T07:23:54","modified_gmt":"2024-02-14T13:23:54","slug":"rechaza-el-dif-oaxaca-que-vaya-a-cerrar-el-preescolar-josefina-ramos","status":"publish","type":"post","link":"https:\/\/zonaroja.com.mx\/?p=65274","title":{"rendered":"Rechaza el DIF Oaxaca que vaya a cerrar el preescolar \u201cJosefina Ramos\u201d\u00a0"},"content":{"rendered":"\n<p>Ismael Garc\u00eda M.\/Zona Roja.<\/p>\n\n\n\n<p>Oaxaca de Ju\u00e1rez, Oax., a 14 de febrero de 2024.- El preescolar \u201cJosefina Ramos\u201d no cerrar\u00e1 sus puertas y continuar\u00e1 operando de manera regular, inform\u00f3 el Sistema Estatal para el Desarrollo Integral de la Familia de Oaxaca (DIF).<\/p>\n\n\n\n<p>En una tarjeta informativa, expuso que la instituci\u00f3n educativa ubicada en el barrio Trinidad de las Huertas de la capital funciona dentro de las instalaciones del Centro de Asistencia Infantil Comunitario (CAIC) n\u00famero 5.<\/p>\n\n\n\n<p>Desde el pasado lunes y hasta ayer, padres de familia iniciaron movilizaciones y bloqueos a vialidades de la ciudad, para denunciar supuesto desalojo y cierre de las instalaciones.<\/p>\n\n\n\n<p>Al respecto, el DIF estatal remarc\u00f3 que ninguno de los 10 CAIC que existen en Oaxaca de Ju\u00e1rez \u2014de los cuales nueve comparten instalaciones con los preescolares del Instituto Estatal de Educaci\u00f3n P\u00fablica del Estado de Oaxaca (IEEPO)\u2014 ser\u00e1 reubicado, por lo que su funcionamiento continuar\u00e1 de manera normal.<\/p>\n\n\n\n<p>\u201cPor tanto, el organismo estatal reitera su compromiso con el bienestar de la ni\u00f1ez oaxaque\u00f1a\u201d, remarc\u00f3 la instituci\u00f3n educativa.<\/p>\n\n\n\n<p>Ayer martes, los padres de familia bloquearon por casi todo el d\u00eda el crucero vial de Cinco Se\u00f1ores, al considerar que defienden las instalaciones, ubicadas en la calle Cuauht\u00e9moc casi esquina con Gonz\u00e1lez Ortega, donde cursan su educaci\u00f3n 34 menores de edad.<\/p>\n","protected":false},"excerpt":{"rendered":"<p>Ismael Garc\u00eda M.\/Zona Roja. Oaxaca de Ju\u00e1rez, Oax., a 14 de febrero de 2024.- El&hellip;<\/p>\n","protected":false},"author":2,"featured_media":65275,"comment_status":"closed","ping_status":"open","sticky":false,"template":"","format":"standard","meta":{"_lmt_disableupdate":"","_lmt_disable":"","_jetpack_memberships_contains_paid_content":false,"footnotes":""},"categories":[109,47],"tags":[841],"class_list":["post-65274","post","type-post","status-publish","format-standard","has-post-thumbnail","hentry","category-minuto-a-minuto","category-zona-gris","tag-dif-oaxaca"],"jetpack_featured_media_url":"https:\/\/zonaroja.com.mx\/wp-content\/uploads\/2024\/02\/Jardin-de-Ninos-Josefina-Ramos.webp","jetpack_sharing_enabled":true,"_links":{"self":[{"href":"https:\/\/zonaroja.com.mx\/index.php?rest_route=\/wp\/v2\/posts\/65274","targetHints":{"allow":["GET"]}}],"collection":[{"href":"https:\/\/zonaroja.com.mx\/index.php?rest_route=\/wp\/v2\/posts"}],"about":[{"href":"https:\/\/zonaroja.com.mx\/index.php?rest_route=\/wp\/v2\/types\/post"}],"author":[{"embeddable":true,"href":"https:\/\/zonaroja.com.mx\/index.php?rest_route=\/wp\/v2\/users\/2"}],"replies":[{"embeddable":true,"href":"https:\/\/zonaroja.com.mx\/index.php?rest_route=%2Fwp%2Fv2%2Fcomments&post=65274"}],"version-history":[{"count":1,"href":"https:\/\/zonaroja.com.mx\/index.php?rest_route=\/wp\/v2\/posts\/65274\/revisions"}],"predecessor-version":[{"id":65276,"href":"https:\/\/zonaroja.com.mx\/index.php?rest_route=\/wp\/v2\/posts\/65274\/revisions\/65276"}],"wp:featuredmedia":[{"embeddable":true,"href":"https:\/\/zonaroja.com.mx\/index.php?rest_route=\/wp\/v2\/media\/65275"}],"wp:attachment":[{"href":"https:\/\/zonaroja.com.mx\/index.php?rest_route=%2Fwp%2Fv2%2Fmedia&parent=65274"}],"wp:term":[{"taxonomy":"category","embeddable":true,"href":"https:\/\/zonaroja.com.mx\/index.php?rest_route=%2Fwp%2Fv2%2Fcategories&post=65274"},{"taxonomy":"post_tag","embeddable":true,"href":"https:\/\/zonaroja.com.mx\/index.php?rest_route=%2Fwp%2Fv2%2Ftags&post=65274"}],"curies":[{"name":"wp","href":"https:\/\/api.w.org\/{rel}","templated":true}]}}